{"id":799,"date":"2023-07-30T12:48:00","date_gmt":"2023-07-30T10:48:00","guid":{"rendered":"https:\/\/lagea.onyx.casasoft.ch\/?p=799"},"modified":"2026-08-13T16:06:11","modified_gmt":"2026-08-13T14:06:11","slug":"%f0%9f%8f%a0-wohnsituation-in-zug-darum-gehts-%f0%9f%8f%a0","status":"publish","type":"post","link":"https:\/\/lagea.ch\/en\/%f0%9f%8f%a0-wohnsituation-in-zug-darum-gehts-%f0%9f%8f%a0\/","title":{"rendered":"\ud83c\udfe0 Wohnsituation in Zug: Darum geht\u2019s \ud83c\udfe0"},"content":{"rendered":"\n<p class=\"wp-block-casasoft-blocks-text text-small text-left\"><strong>\ud83c\udfe0 Wohnsituation in Zug: Darum geht\u2019s \ud83c\udfe0<\/strong><br>\ud83d\udd0d Wer in der Stadt Zug auf der Suche nach einer Mietwohnung ist, trifft auf eine \u00e4usserst angespannte Situation. \ud83c\udfe2 Diese d\u00fcrfte sich auch nach dem Ja zur Initiative \u201c2000 Wohnungen f\u00fcr den Zuger Mittelstand\u201d nicht rasch \u00e4ndern. \ud83d\udcc8 Ausserdem zeigen viele Indikatoren in der Schweiz nach oben. Die Preise f\u00fcr Wohnungen d\u00fcrften also auch in den n\u00e4chsten Jahren ansteigen.<br><br>\ud83d\udcac \u201cIn der Stadt Zug ist die Situation, eine neue Mietwohnung zu finden, sehr angespannt, besonders wenn dem Budget enge Grenzen gesetzt sind\u201d, sagt Richard L\u00fcdi, Leiter Immobilienvermarktung bei Lage A Real Estate in Zug.<br><br>\ud83d\udca1Wenn man sich die  Inserate ansieht, die bei Comparis aufgeschaltet sind, dann stechen haupts\u00e4chlich die Preise der angebotenen Wohnungen ins Auge: So etwa eine 2-Zimmer-Wohnung f\u00fcr 3000 Franken, ebenfalls zwei Zimmer f\u00fcr 3680 Franken, ein Studio mit 16 Quadratmetern f\u00fcr 1695 Franken, gefolgt von gr\u00f6sseren Objekten zwischen 4690 und 25\u2019000 Franken Miete pro Monat.<br><br>\ud83d\udd0d Erw\u00e4hnt werden muss, dass auch eine 1,5-Zimmer-Wohnung mit 35 Quadratmetern nur f\u00fcr ein paar Stunden f\u00fcr 1152 Franken ausgeschrieben war \u2013 bevor das Inserat schon wieder gel\u00f6scht wurde. M\u00f6glicherweise fand die Wohnung sofort einen Mieter.<br><br>\ud83d\udd0d Auf allen grossen Immobilienportalen suchten im Mai etwa 2300 Personen eine Wohnung in der Stadt Zug. Diese Zahl vereint alle ausgeschriebenen Wohnungen. Darum wird das Angebot noch einmal kleiner, wenn man etwa auf der Suche nach einer bestimmten Wohnungsgr\u00f6sse ist oder einen Maximalpreis eingegeben hat.<br><br>\ud83c\udfd9\ufe0f In Zukunft d\u00fcrfte das Wohnen noch teurer werden. Richard L\u00fcdi von Lage A Real Estate glaubt nicht, dass die Annahme der Initiative \u201c2000 Wohnungen f\u00fcr den Zuger Mittelstand\u201d kurzfristig eine Entspannung der Situation bringt: \u201cEs wird einige Jahre dauern, bis diese Wohnungen gebaut werden k\u00f6nnen.\u201d<br><br>\ud83d\udcbc Dass Zuger aus der Stadt etwa in andere Kantone wegziehen m\u00fcssen, zeigt sich etwa auch in Z\u00fcrich oder anderen teuren Wohngegenden. F\u00fcr die Zukunft gibt es eine steigende Preisentwicklung: Es ist damit zu rechnen, dass die Referenzzinss\u00e4tze sp\u00e4testens Anfang 2024 ansteigen werden und auch weniger gebaut wird. Ausserdem deuten weitere Indikatoren in die H\u00f6he, und es ist noch offen, wie sich das Ja zum Klimagesetz auf die Immobilien auswirken wird, weil die Umsetzung noch offen ist.<\/p>\n\n","protected":false},"excerpt":{"rendered":"","protected":false},"author":1,"featured_media":872,"comment_status":"closed","ping_status":"closed","sticky":false,"template":"","format":"standard","meta":{"_acf_changed":false,"inline_featured_image":false,"footnotes":""},"categories":[11],"tags":[],"class_list":["post-799","post","type-post","status-publish","format-standard","has-post-thumbnail","hentry","category-marktberichte"],"acf":[],"yoast_head":"<!-- This site is optimized with the Yoast SEO Premium plugin v24.5 (Yoast SEO v28.4) - https:\/\/yoast.com\/product\/yoast-seo-premium-wordpress\/ -->\n<title>Wohnsituation in Zug: Darum geht&#039;s<\/title>\n<meta name=\"description\" content=\"Angespannter Mietwohnungsmarkt trotz Wohnungs-Initiative: Was die Lage in der Stadt Zug f\u00fcr Mieter und Eigent\u00fcmer bedeutet.\" \/>\n<meta name=\"robots\" content=\"index, follow, max-snippet:-1, max-image-preview:large, max-video-preview:-1\" \/>\n<link rel=\"canonical\" href=\"https:\/\/lagea.ch\/en\/%f0%9f%8f%a0-wohnsituation-in-zug-darum-gehts-%f0%9f%8f%a0\/\" \/>\n<meta property=\"og:locale\" content=\"en_US\" \/>\n<meta property=\"og:type\" content=\"article\" \/>\n<meta property=\"og:title\" content=\"\ud83c\udfe0 Wohnsituation in Zug: Darum geht\u2019s \ud83c\udfe0\" \/>\n<meta property=\"og:description\" content=\"Angespannter Mietwohnungsmarkt trotz Wohnungs-Initiative: Was die Lage in der Stadt Zug f\u00fcr Mieter und Eigent\u00fcmer bedeutet.\" \/>\n<meta property=\"og:url\" content=\"https:\/\/lagea.ch\/en\/%f0%9f%8f%a0-wohnsituation-in-zug-darum-gehts-%f0%9f%8f%a0\/\" \/>\n<meta property=\"og:site_name\" content=\"LAGE A AG\" \/>\n<meta property=\"article:published_time\" content=\"2023-07-30T10:48:00+00:00\" \/>\n<meta property=\"article:modified_time\" content=\"2026-08-13T14:06:11+00:00\" \/>\n<meta property=\"og:image\" content=\"https:\/\/lagea.ch\/wp-content\/uploads\/sites\/44\/2026\/08\/wohnsituation-zug-mietmarkt.webp\" \/>\n\t<meta property=\"og:image:width\" content=\"2400\" \/>\n\t<meta property=\"og:image:height\" content=\"1600\" \/>\n\t<meta property=\"og:image:type\" content=\"image\/webp\" \/>\n<meta name=\"author\" content=\"cwonyx\" \/>\n<meta name=\"twitter:card\" content=\"summary_large_image\" \/>\n<meta name=\"twitter:label1\" content=\"Written by\" \/>\n\t<meta name=\"twitter:data1\" content=\"cwonyx\" \/>\n\t<meta name=\"twitter:label2\" content=\"Est. reading time\" \/>\n\t<meta name=\"twitter:data2\" content=\"3 minutes\" \/>\n<script type=\"application\/ld+json\" class=\"yoast-schema-graph\">{\"@context\":\"https:\\\/\\\/schema.org\",\"@graph\":[{\"@type\":\"Article\",\"@id\":\"https:\\\/\\\/lagea.ch\\\/en\\\/%f0%9f%8f%a0-wohnsituation-in-zug-darum-gehts-%f0%9f%8f%a0\\\/#article\",\"isPartOf\":{\"@id\":\"https:\\\/\\\/lagea.ch\\\/en\\\/%f0%9f%8f%a0-wohnsituation-in-zug-darum-gehts-%f0%9f%8f%a0\\\/\"},\"author\":{\"name\":\"cwonyx\",\"@id\":\"https:\\\/\\\/lagea.ch\\\/en\\\/#\\\/schema\\\/person\\\/d72866c1fa1f857407c893c271740ef8\"},\"headline\":\"\ud83c\udfe0 Wohnsituation in Zug: Darum geht\u2019s \ud83c\udfe0\",\"datePublished\":\"2023-07-30T10:48:00+00:00\",\"dateModified\":\"2026-08-13T14:06:11+00:00\",\"mainEntityOfPage\":{\"@id\":\"https:\\\/\\\/lagea.ch\\\/en\\\/%f0%9f%8f%a0-wohnsituation-in-zug-darum-gehts-%f0%9f%8f%a0\\\/\"},\"wordCount\":372,\"publisher\":{\"@id\":\"https:\\\/\\\/lagea.ch\\\/en\\\/#organization\"},\"image\":{\"@id\":\"https:\\\/\\\/lagea.ch\\\/en\\\/%f0%9f%8f%a0-wohnsituation-in-zug-darum-gehts-%f0%9f%8f%a0\\\/#primaryimage\"},\"thumbnailUrl\":\"https:\\\/\\\/lagea.ch\\\/wp-content\\\/uploads\\\/sites\\\/44\\\/2026\\\/08\\\/wohnsituation-zug-mietmarkt.webp\",\"articleSection\":[\"Marktberichte\"],\"inLanguage\":\"en-US\"},{\"@type\":\"WebPage\",\"@id\":\"https:\\\/\\\/lagea.ch\\\/en\\\/%f0%9f%8f%a0-wohnsituation-in-zug-darum-gehts-%f0%9f%8f%a0\\\/\",\"url\":\"https:\\\/\\\/lagea.ch\\\/en\\\/%f0%9f%8f%a0-wohnsituation-in-zug-darum-gehts-%f0%9f%8f%a0\\\/\",\"name\":\"Wohnsituation in Zug: Darum geht's\",\"isPartOf\":{\"@id\":\"https:\\\/\\\/lagea.ch\\\/en\\\/#website\"},\"primaryImageOfPage\":{\"@id\":\"https:\\\/\\\/lagea.ch\\\/en\\\/%f0%9f%8f%a0-wohnsituation-in-zug-darum-gehts-%f0%9f%8f%a0\\\/#primaryimage\"},\"image\":{\"@id\":\"https:\\\/\\\/lagea.ch\\\/en\\\/%f0%9f%8f%a0-wohnsituation-in-zug-darum-gehts-%f0%9f%8f%a0\\\/#primaryimage\"},\"thumbnailUrl\":\"https:\\\/\\\/lagea.ch\\\/wp-content\\\/uploads\\\/sites\\\/44\\\/2026\\\/08\\\/wohnsituation-zug-mietmarkt.webp\",\"datePublished\":\"2023-07-30T10:48:00+00:00\",\"dateModified\":\"2026-08-13T14:06:11+00:00\",\"description\":\"Angespannter Mietwohnungsmarkt trotz Wohnungs-Initiative: Was die Lage in der Stadt Zug f\u00fcr Mieter und Eigent\u00fcmer bedeutet.\",\"breadcrumb\":{\"@id\":\"https:\\\/\\\/lagea.ch\\\/en\\\/%f0%9f%8f%a0-wohnsituation-in-zug-darum-gehts-%f0%9f%8f%a0\\\/#breadcrumb\"},\"inLanguage\":\"en-US\",\"potentialAction\":[{\"@type\":\"ReadAction\",\"target\":[\"https:\\\/\\\/lagea.ch\\\/en\\\/%f0%9f%8f%a0-wohnsituation-in-zug-darum-gehts-%f0%9f%8f%a0\\\/\"]}]},{\"@type\":\"ImageObject\",\"inLanguage\":\"en-US\",\"@id\":\"https:\\\/\\\/lagea.ch\\\/en\\\/%f0%9f%8f%a0-wohnsituation-in-zug-darum-gehts-%f0%9f%8f%a0\\\/#primaryimage\",\"url\":\"https:\\\/\\\/lagea.ch\\\/wp-content\\\/uploads\\\/sites\\\/44\\\/2026\\\/08\\\/wohnsituation-zug-mietmarkt.webp\",\"contentUrl\":\"https:\\\/\\\/lagea.ch\\\/wp-content\\\/uploads\\\/sites\\\/44\\\/2026\\\/08\\\/wohnsituation-zug-mietmarkt.webp\",\"width\":2400,\"height\":1600,\"caption\":\"Wohnsituation und Mietmarkt in der Stadt Zug\"},{\"@type\":\"BreadcrumbList\",\"@id\":\"https:\\\/\\\/lagea.ch\\\/en\\\/%f0%9f%8f%a0-wohnsituation-in-zug-darum-gehts-%f0%9f%8f%a0\\\/#breadcrumb\",\"itemListElement\":[{\"@type\":\"ListItem\",\"position\":1,\"name\":\"Start\",\"item\":\"https:\\\/\\\/lagea.ch\\\/en\\\/\"},{\"@type\":\"ListItem\",\"position\":2,\"name\":\"\ud83c\udfe0 Wohnsituation in Zug: Darum geht\u2019s \ud83c\udfe0\"}]},{\"@type\":\"WebSite\",\"@id\":\"https:\\\/\\\/lagea.ch\\\/en\\\/#website\",\"url\":\"https:\\\/\\\/lagea.ch\\\/en\\\/\",\"name\":\"LAGE A AG\",\"description\":\"\",\"publisher\":{\"@id\":\"https:\\\/\\\/lagea.ch\\\/en\\\/#organization\"},\"potentialAction\":[{\"@type\":\"SearchAction\",\"target\":{\"@type\":\"EntryPoint\",\"urlTemplate\":\"https:\\\/\\\/lagea.ch\\\/en\\\/?s={search_term_string}\"},\"query-input\":{\"@type\":\"PropertyValueSpecification\",\"valueRequired\":true,\"valueName\":\"search_term_string\"}}],\"inLanguage\":\"en-US\"},{\"@type\":[\"Organization\",\"RealEstateAgent\",\"LocalBusiness\"],\"@id\":\"https:\\\/\\\/lagea.ch\\\/en\\\/#organization\",\"name\":\"LAGE A AG\",\"url\":\"https:\\\/\\\/lagea.ch\\\/en\\\/\",\"logo\":{\"@type\":\"ImageObject\",\"inLanguage\":\"en-US\",\"@id\":\"https:\\\/\\\/lagea.ch\\\/en\\\/#\\\/schema\\\/logo\\\/image\\\/\",\"url\":\"https:\\\/\\\/lagea.ch\\\/wp-content\\\/uploads\\\/sites\\\/44\\\/2026\\\/08\\\/lage-a-immobilien-logo.svg\",\"contentUrl\":\"https:\\\/\\\/lagea.ch\\\/wp-content\\\/uploads\\\/sites\\\/44\\\/2026\\\/08\\\/lage-a-immobilien-logo.svg\",\"caption\":\"LAGE A AG\"},\"image\":{\"@id\":\"https:\\\/\\\/lagea.ch\\\/en\\\/#\\\/schema\\\/logo\\\/image\\\/\"},\"sameAs\":[\"https:\\\/\\\/www.instagram.com\\\/lage_a_ag\",\"https:\\\/\\\/www.youtube.com\\\/@LageAImmobilien\",\"https:\\\/\\\/www.linkedin.com\\\/company\\\/lagea-ag\\\/\"],\"address\":{\"@type\":\"PostalAddress\",\"streetAddress\":\"Neugasse 18\",\"postalCode\":\"6300\",\"addressLocality\":\"Zug\",\"addressCountry\":\"CH\"},\"telephone\":\"+41 41 727 62 62\",\"email\":\"info@lagea.ch\",\"priceRange\":\"$$$\",\"areaServed\":[{\"@type\":\"AdministrativeArea\",\"name\":\"Kanton Zug\"},{\"@type\":\"AdministrativeArea\",\"name\":\"Kanton Schwyz\"},{\"@type\":\"AdministrativeArea\",\"name\":\"Kanton Nidwalden\"},{\"@type\":\"AdministrativeArea\",\"name\":\"Kanton Obwalden\"}],\"knowsLanguage\":[\"de-CH\",\"en\"]},{\"@type\":\"Person\",\"@id\":\"https:\\\/\\\/lagea.ch\\\/en\\\/#\\\/schema\\\/person\\\/d72866c1fa1f857407c893c271740ef8\",\"name\":\"cwonyx\",\"sameAs\":[\"https:\\\/\\\/onyx.casasoft.ch\"]}]}<\/script>\n<!-- \/ Yoast SEO Premium plugin. -->","yoast_head_json":{"title":"Wohnsituation in Zug: Darum geht's","description":"Angespannter Mietwohnungsmarkt trotz Wohnungs-Initiative: Was die Lage in der Stadt Zug f\u00fcr Mieter und Eigent\u00fcmer bedeutet.","robots":{"index":"index","follow":"follow","max-snippet":"max-snippet:-1","max-image-preview":"max-image-preview:large","max-video-preview":"max-video-preview:-1"},"canonical":"https:\/\/lagea.ch\/en\/%f0%9f%8f%a0-wohnsituation-in-zug-darum-gehts-%f0%9f%8f%a0\/","og_locale":"en_US","og_type":"article","og_title":"\ud83c\udfe0 Wohnsituation in Zug: Darum geht\u2019s \ud83c\udfe0","og_description":"Angespannter Mietwohnungsmarkt trotz Wohnungs-Initiative: Was die Lage in der Stadt Zug f\u00fcr Mieter und Eigent\u00fcmer bedeutet.","og_url":"https:\/\/lagea.ch\/en\/%f0%9f%8f%a0-wohnsituation-in-zug-darum-gehts-%f0%9f%8f%a0\/","og_site_name":"LAGE A AG","article_published_time":"2023-07-30T10:48:00+00:00","article_modified_time":"2026-08-13T14:06:11+00:00","og_image":[{"width":2400,"height":1600,"url":"https:\/\/lagea.ch\/wp-content\/uploads\/sites\/44\/2026\/08\/wohnsituation-zug-mietmarkt.webp","type":"image\/webp"}],"author":"cwonyx","twitter_card":"summary_large_image","twitter_misc":{"Written by":"cwonyx","Est. reading time":"3 minutes"},"schema":{"@context":"https:\/\/schema.org","@graph":[{"@type":"Article","@id":"https:\/\/lagea.ch\/en\/%f0%9f%8f%a0-wohnsituation-in-zug-darum-gehts-%f0%9f%8f%a0\/#article","isPartOf":{"@id":"https:\/\/lagea.ch\/en\/%f0%9f%8f%a0-wohnsituation-in-zug-darum-gehts-%f0%9f%8f%a0\/"},"author":{"name":"cwonyx","@id":"https:\/\/lagea.ch\/en\/#\/schema\/person\/d72866c1fa1f857407c893c271740ef8"},"headline":"\ud83c\udfe0 Wohnsituation in Zug: Darum geht\u2019s \ud83c\udfe0","datePublished":"2023-07-30T10:48:00+00:00","dateModified":"2026-08-13T14:06:11+00:00","mainEntityOfPage":{"@id":"https:\/\/lagea.ch\/en\/%f0%9f%8f%a0-wohnsituation-in-zug-darum-gehts-%f0%9f%8f%a0\/"},"wordCount":372,"publisher":{"@id":"https:\/\/lagea.ch\/en\/#organization"},"image":{"@id":"https:\/\/lagea.ch\/en\/%f0%9f%8f%a0-wohnsituation-in-zug-darum-gehts-%f0%9f%8f%a0\/#primaryimage"},"thumbnailUrl":"https:\/\/lagea.ch\/wp-content\/uploads\/sites\/44\/2026\/08\/wohnsituation-zug-mietmarkt.webp","articleSection":["Marktberichte"],"inLanguage":"en-US"},{"@type":"WebPage","@id":"https:\/\/lagea.ch\/en\/%f0%9f%8f%a0-wohnsituation-in-zug-darum-gehts-%f0%9f%8f%a0\/","url":"https:\/\/lagea.ch\/en\/%f0%9f%8f%a0-wohnsituation-in-zug-darum-gehts-%f0%9f%8f%a0\/","name":"Wohnsituation in Zug: Darum geht's","isPartOf":{"@id":"https:\/\/lagea.ch\/en\/#website"},"primaryImageOfPage":{"@id":"https:\/\/lagea.ch\/en\/%f0%9f%8f%a0-wohnsituation-in-zug-darum-gehts-%f0%9f%8f%a0\/#primaryimage"},"image":{"@id":"https:\/\/lagea.ch\/en\/%f0%9f%8f%a0-wohnsituation-in-zug-darum-gehts-%f0%9f%8f%a0\/#primaryimage"},"thumbnailUrl":"https:\/\/lagea.ch\/wp-content\/uploads\/sites\/44\/2026\/08\/wohnsituation-zug-mietmarkt.webp","datePublished":"2023-07-30T10:48:00+00:00","dateModified":"2026-08-13T14:06:11+00:00","description":"Angespannter Mietwohnungsmarkt trotz Wohnungs-Initiative: Was die Lage in der Stadt Zug f\u00fcr Mieter und Eigent\u00fcmer bedeutet.","breadcrumb":{"@id":"https:\/\/lagea.ch\/en\/%f0%9f%8f%a0-wohnsituation-in-zug-darum-gehts-%f0%9f%8f%a0\/#breadcrumb"},"inLanguage":"en-US","potentialAction":[{"@type":"ReadAction","target":["https:\/\/lagea.ch\/en\/%f0%9f%8f%a0-wohnsituation-in-zug-darum-gehts-%f0%9f%8f%a0\/"]}]},{"@type":"ImageObject","inLanguage":"en-US","@id":"https:\/\/lagea.ch\/en\/%f0%9f%8f%a0-wohnsituation-in-zug-darum-gehts-%f0%9f%8f%a0\/#primaryimage","url":"https:\/\/lagea.ch\/wp-content\/uploads\/sites\/44\/2026\/08\/wohnsituation-zug-mietmarkt.webp","contentUrl":"https:\/\/lagea.ch\/wp-content\/uploads\/sites\/44\/2026\/08\/wohnsituation-zug-mietmarkt.webp","width":2400,"height":1600,"caption":"Wohnsituation und Mietmarkt in der Stadt Zug"},{"@type":"BreadcrumbList","@id":"https:\/\/lagea.ch\/en\/%f0%9f%8f%a0-wohnsituation-in-zug-darum-gehts-%f0%9f%8f%a0\/#breadcrumb","itemListElement":[{"@type":"ListItem","position":1,"name":"Start","item":"https:\/\/lagea.ch\/en\/"},{"@type":"ListItem","position":2,"name":"\ud83c\udfe0 Wohnsituation in Zug: Darum geht\u2019s \ud83c\udfe0"}]},{"@type":"WebSite","@id":"https:\/\/lagea.ch\/en\/#website","url":"https:\/\/lagea.ch\/en\/","name":"LAGE A AG","description":"","publisher":{"@id":"https:\/\/lagea.ch\/en\/#organization"},"potentialAction":[{"@type":"SearchAction","target":{"@type":"EntryPoint","urlTemplate":"https:\/\/lagea.ch\/en\/?s={search_term_string}"},"query-input":{"@type":"PropertyValueSpecification","valueRequired":true,"valueName":"search_term_string"}}],"inLanguage":"en-US"},{"@type":["Organization","RealEstateAgent","LocalBusiness"],"@id":"https:\/\/lagea.ch\/en\/#organization","name":"LAGE A AG","url":"https:\/\/lagea.ch\/en\/","logo":{"@type":"ImageObject","inLanguage":"en-US","@id":"https:\/\/lagea.ch\/en\/#\/schema\/logo\/image\/","url":"https:\/\/lagea.ch\/wp-content\/uploads\/sites\/44\/2026\/08\/lage-a-immobilien-logo.svg","contentUrl":"https:\/\/lagea.ch\/wp-content\/uploads\/sites\/44\/2026\/08\/lage-a-immobilien-logo.svg","caption":"LAGE A AG"},"image":{"@id":"https:\/\/lagea.ch\/en\/#\/schema\/logo\/image\/"},"sameAs":["https:\/\/www.instagram.com\/lage_a_ag","https:\/\/www.youtube.com\/@LageAImmobilien","https:\/\/www.linkedin.com\/company\/lagea-ag\/"],"address":{"@type":"PostalAddress","streetAddress":"Neugasse 18","postalCode":"6300","addressLocality":"Zug","addressCountry":"CH"},"telephone":"+41 41 727 62 62","email":"info@lagea.ch","priceRange":"$$$","areaServed":[{"@type":"AdministrativeArea","name":"Kanton Zug"},{"@type":"AdministrativeArea","name":"Kanton Schwyz"},{"@type":"AdministrativeArea","name":"Kanton Nidwalden"},{"@type":"AdministrativeArea","name":"Kanton Obwalden"}],"knowsLanguage":["de-CH","en"]},{"@type":"Person","@id":"https:\/\/lagea.ch\/en\/#\/schema\/person\/d72866c1fa1f857407c893c271740ef8","name":"cwonyx","sameAs":["https:\/\/onyx.casasoft.ch"]}]}},"_links":{"self":[{"href":"https:\/\/lagea.ch\/en\/wp-json\/wp\/v2\/posts\/799","targetHints":{"allow":["GET"]}}],"collection":[{"href":"https:\/\/lagea.ch\/en\/wp-json\/wp\/v2\/posts"}],"about":[{"href":"https:\/\/lagea.ch\/en\/wp-json\/wp\/v2\/types\/post"}],"author":[{"embeddable":true,"href":"https:\/\/lagea.ch\/en\/wp-json\/wp\/v2\/users\/1"}],"replies":[{"embeddable":true,"href":"https:\/\/lagea.ch\/en\/wp-json\/wp\/v2\/comments?post=799"}],"version-history":[{"count":2,"href":"https:\/\/lagea.ch\/en\/wp-json\/wp\/v2\/posts\/799\/revisions"}],"predecessor-version":[{"id":883,"href":"https:\/\/lagea.ch\/en\/wp-json\/wp\/v2\/posts\/799\/revisions\/883"}],"wp:featuredmedia":[{"embeddable":true,"href":"https:\/\/lagea.ch\/en\/wp-json\/wp\/v2\/media\/872"}],"wp:attachment":[{"href":"https:\/\/lagea.ch\/en\/wp-json\/wp\/v2\/media?parent=799"}],"wp:term":[{"taxonomy":"category","embeddable":true,"href":"https:\/\/lagea.ch\/en\/wp-json\/wp\/v2\/categories?post=799"},{"taxonomy":"post_tag","embeddable":true,"href":"https:\/\/lagea.ch\/en\/wp-json\/wp\/v2\/tags?post=799"}],"curies":[{"name":"wp","href":"https:\/\/api.w.org\/{rel}","templated":true}]}}