{"id":837,"date":"2025-09-16T13:17:00","date_gmt":"2025-09-16T11:17:00","guid":{"rendered":"https:\/\/lagea.onyx.casasoft.ch\/?p=837"},"modified":"2026-08-13T15:59:56","modified_gmt":"2026-08-13T13:59:56","slug":"mietpreise-in-der-schweiz-wo-es-teurer-wird-und-wo-nicht","status":"publish","type":"post","link":"https:\/\/lagea.ch\/en\/mietpreise-in-der-schweiz-wo-es-teurer-wird-und-wo-nicht\/","title":{"rendered":"Mietpreise in der Schweiz \u2013 wo es teurer wird und wo nicht"},"content":{"rendered":"\n<p class=\"wp-block-casasoft-blocks-text text-small text-left\">Die Mieten in der Schweiz steigen weiter. Im Durchschnitt sind sie im letzten Jahr um <strong>2,4 %<\/strong> h\u00f6her geworden. Aber: Nicht alle Regionen entwickeln sich gleich.<br><br><strong>Grosse Unterschiede nach Region<\/strong><br>In der Ost- und Zentralschweiz kletterten die Mieten am st\u00e4rksten \u2013 hier stiegen sie um fast <strong>3 %<\/strong>. In Z\u00fcrich ging es etwas ruhiger zu, trotzdem bleibt Z\u00fcrich die teuerste Region der Schweiz. Eine Wohnung kostet dort im Schnitt \u00fcber 2\u2019400 Franken pro Monat. Ganz anders sieht es im Tessin aus: Dort sanken die Mieten sogar um <strong>5,6 %<\/strong> \u2013 eine echte Ausnahme.<\/p>\n\n\n\n<p class=\"wp-block-casasoft-blocks-text text-small text-left\"><strong>Warum steigen die Mieten?<\/strong><br>Der wichtigste Grund ist die Wohnungsknappheit. In der ganzen Schweiz liegt die Leerwohnungsquote nur noch bei etwa <strong>1 %<\/strong> \u2013 so tief wie seit Jahren nicht mehr. In Z\u00fcrich ist sie mit <strong>0,56 %<\/strong> sogar am tiefsten. Wenige freie Wohnungen bedeuten h\u00f6here Preise \u2013 vor allem in den St\u00e4dten.<br><br><strong>Alte Vertr\u00e4ge vs. neue Vertr\u00e4ge<\/strong><br>Ein weiterer Unterschied zeigt sich zwischen bestehenden und neuen Mietvertr\u00e4gen. Wer schon l\u00e4nger in seiner Wohnung lebt, bezahlt deutlich weniger. In Z\u00fcrich sind neue Vertr\u00e4ge im Schnitt fast 700 Franken teurer als bestehende. In anderen Regionen, zum Beispiel im Mittelland, betr\u00e4gt die Differenz nur rund 150 Franken.<\/p>\n\n\n\n<p class=\"wp-block-casasoft-blocks-text text-small text-left\">Fazit: In den St\u00e4dten wird Wohnen immer teurer. Wer flexibel ist und auch etwas ausserhalb sucht, findet aber deutlich g\u00fcnstigere Alternativen \u2013 oft nur eine kurze S-Bahn-Fahrt entfernt.<\/p>\n","protected":false},"excerpt":{"rendered":"","protected":false},"author":1,"featured_media":865,"comment_status":"closed","ping_status":"closed","sticky":false,"template":"","format":"standard","meta":{"_acf_changed":false,"inline_featured_image":false,"footnotes":""},"categories":[11],"tags":[],"class_list":["post-837","post","type-post","status-publish","format-standard","has-post-thumbnail","hentry","category-marktberichte"],"acf":[],"yoast_head":"<!-- This site is optimized with the Yoast SEO Premium plugin v24.5 (Yoast SEO v28.4) - https:\/\/yoast.com\/product\/yoast-seo-premium-wordpress\/ -->\n<title>Mietpreise Schweiz: Wo es teurer wird \u2013 und wo nicht<\/title>\n<meta name=\"description\" content=\"Mieten +2,4 % im Schnitt: Ost- und Zentralschweiz steigen am st\u00e4rksten. Die regionale \u00dcbersicht zur Mietpreisentwicklung.\" \/>\n<meta name=\"robots\" content=\"index, follow, max-snippet:-1, max-image-preview:large, max-video-preview:-1\" \/>\n<link rel=\"canonical\" href=\"https:\/\/lagea.ch\/en\/mietpreise-in-der-schweiz-wo-es-teurer-wird-und-wo-nicht\/\" \/>\n<meta property=\"og:locale\" content=\"en_US\" \/>\n<meta property=\"og:type\" content=\"article\" \/>\n<meta property=\"og:title\" content=\"Mietpreise in der Schweiz \u2013 wo es teurer wird und wo nicht\" \/>\n<meta property=\"og:description\" content=\"Mieten +2,4 % im Schnitt: Ost- und Zentralschweiz steigen am st\u00e4rksten. Die regionale \u00dcbersicht zur Mietpreisentwicklung.\" \/>\n<meta property=\"og:url\" content=\"https:\/\/lagea.ch\/en\/mietpreise-in-der-schweiz-wo-es-teurer-wird-und-wo-nicht\/\" \/>\n<meta property=\"og:site_name\" content=\"LAGE A AG\" \/>\n<meta property=\"article:published_time\" content=\"2025-09-16T11:17:00+00:00\" \/>\n<meta property=\"article:modified_time\" content=\"2026-08-13T13:59:56+00:00\" \/>\n<meta property=\"og:image\" content=\"https:\/\/lagea.ch\/wp-content\/uploads\/sites\/44\/2026\/08\/mietpreise-schweiz-entwicklung.webp\" \/>\n\t<meta property=\"og:image:width\" content=\"1500\" \/>\n\t<meta property=\"og:image:height\" content=\"1000\" \/>\n\t<meta property=\"og:image:type\" content=\"image\/webp\" \/>\n<meta name=\"author\" content=\"cwonyx\" \/>\n<meta name=\"twitter:card\" content=\"summary_large_image\" \/>\n<meta name=\"twitter:label1\" content=\"Written by\" \/>\n\t<meta name=\"twitter:data1\" content=\"cwonyx\" \/>\n\t<meta name=\"twitter:label2\" content=\"Est. reading time\" \/>\n\t<meta name=\"twitter:data2\" content=\"2 minutes\" \/>\n<script type=\"application\/ld+json\" class=\"yoast-schema-graph\">{\"@context\":\"https:\\\/\\\/schema.org\",\"@graph\":[{\"@type\":\"Article\",\"@id\":\"https:\\\/\\\/lagea.ch\\\/en\\\/mietpreise-in-der-schweiz-wo-es-teurer-wird-und-wo-nicht\\\/#article\",\"isPartOf\":{\"@id\":\"https:\\\/\\\/lagea.ch\\\/en\\\/mietpreise-in-der-schweiz-wo-es-teurer-wird-und-wo-nicht\\\/\"},\"author\":{\"name\":\"cwonyx\",\"@id\":\"https:\\\/\\\/lagea.ch\\\/en\\\/#\\\/schema\\\/person\\\/d72866c1fa1f857407c893c271740ef8\"},\"headline\":\"Mietpreise in der Schweiz \u2013 wo es teurer wird und wo nicht\",\"datePublished\":\"2025-09-16T11:17:00+00:00\",\"dateModified\":\"2026-08-13T13:59:56+00:00\",\"mainEntityOfPage\":{\"@id\":\"https:\\\/\\\/lagea.ch\\\/en\\\/mietpreise-in-der-schweiz-wo-es-teurer-wird-und-wo-nicht\\\/\"},\"wordCount\":235,\"publisher\":{\"@id\":\"https:\\\/\\\/lagea.ch\\\/en\\\/#organization\"},\"image\":{\"@id\":\"https:\\\/\\\/lagea.ch\\\/en\\\/mietpreise-in-der-schweiz-wo-es-teurer-wird-und-wo-nicht\\\/#primaryimage\"},\"thumbnailUrl\":\"https:\\\/\\\/lagea.ch\\\/wp-content\\\/uploads\\\/sites\\\/44\\\/2026\\\/08\\\/mietpreise-schweiz-entwicklung.webp\",\"articleSection\":[\"Marktberichte\"],\"inLanguage\":\"en-US\"},{\"@type\":\"WebPage\",\"@id\":\"https:\\\/\\\/lagea.ch\\\/en\\\/mietpreise-in-der-schweiz-wo-es-teurer-wird-und-wo-nicht\\\/\",\"url\":\"https:\\\/\\\/lagea.ch\\\/en\\\/mietpreise-in-der-schweiz-wo-es-teurer-wird-und-wo-nicht\\\/\",\"name\":\"Mietpreise Schweiz: Wo es teurer wird \u2013 und wo nicht\",\"isPartOf\":{\"@id\":\"https:\\\/\\\/lagea.ch\\\/en\\\/#website\"},\"primaryImageOfPage\":{\"@id\":\"https:\\\/\\\/lagea.ch\\\/en\\\/mietpreise-in-der-schweiz-wo-es-teurer-wird-und-wo-nicht\\\/#primaryimage\"},\"image\":{\"@id\":\"https:\\\/\\\/lagea.ch\\\/en\\\/mietpreise-in-der-schweiz-wo-es-teurer-wird-und-wo-nicht\\\/#primaryimage\"},\"thumbnailUrl\":\"https:\\\/\\\/lagea.ch\\\/wp-content\\\/uploads\\\/sites\\\/44\\\/2026\\\/08\\\/mietpreise-schweiz-entwicklung.webp\",\"datePublished\":\"2025-09-16T11:17:00+00:00\",\"dateModified\":\"2026-08-13T13:59:56+00:00\",\"description\":\"Mieten +2,4 % im Schnitt: Ost- und Zentralschweiz steigen am st\u00e4rksten. Die regionale \u00dcbersicht zur Mietpreisentwicklung.\",\"breadcrumb\":{\"@id\":\"https:\\\/\\\/lagea.ch\\\/en\\\/mietpreise-in-der-schweiz-wo-es-teurer-wird-und-wo-nicht\\\/#breadcrumb\"},\"inLanguage\":\"en-US\",\"potentialAction\":[{\"@type\":\"ReadAction\",\"target\":[\"https:\\\/\\\/lagea.ch\\\/en\\\/mietpreise-in-der-schweiz-wo-es-teurer-wird-und-wo-nicht\\\/\"]}]},{\"@type\":\"ImageObject\",\"inLanguage\":\"en-US\",\"@id\":\"https:\\\/\\\/lagea.ch\\\/en\\\/mietpreise-in-der-schweiz-wo-es-teurer-wird-und-wo-nicht\\\/#primaryimage\",\"url\":\"https:\\\/\\\/lagea.ch\\\/wp-content\\\/uploads\\\/sites\\\/44\\\/2026\\\/08\\\/mietpreise-schweiz-entwicklung.webp\",\"contentUrl\":\"https:\\\/\\\/lagea.ch\\\/wp-content\\\/uploads\\\/sites\\\/44\\\/2026\\\/08\\\/mietpreise-schweiz-entwicklung.webp\",\"width\":1500,\"height\":1000,\"caption\":\"Wohnhaus \u2013 Entwicklung der Mietpreise in der Schweiz\"},{\"@type\":\"BreadcrumbList\",\"@id\":\"https:\\\/\\\/lagea.ch\\\/en\\\/mietpreise-in-der-schweiz-wo-es-teurer-wird-und-wo-nicht\\\/#breadcrumb\",\"itemListElement\":[{\"@type\":\"ListItem\",\"position\":1,\"name\":\"Start\",\"item\":\"https:\\\/\\\/lagea.ch\\\/en\\\/\"},{\"@type\":\"ListItem\",\"position\":2,\"name\":\"Mietpreise in der Schweiz \u2013 wo es teurer wird und wo nicht\"}]},{\"@type\":\"WebSite\",\"@id\":\"https:\\\/\\\/lagea.ch\\\/en\\\/#website\",\"url\":\"https:\\\/\\\/lagea.ch\\\/en\\\/\",\"name\":\"LAGE A AG\",\"description\":\"\",\"publisher\":{\"@id\":\"https:\\\/\\\/lagea.ch\\\/en\\\/#organization\"},\"potentialAction\":[{\"@type\":\"SearchAction\",\"target\":{\"@type\":\"EntryPoint\",\"urlTemplate\":\"https:\\\/\\\/lagea.ch\\\/en\\\/?s={search_term_string}\"},\"query-input\":{\"@type\":\"PropertyValueSpecification\",\"valueRequired\":true,\"valueName\":\"search_term_string\"}}],\"inLanguage\":\"en-US\"},{\"@type\":[\"Organization\",\"RealEstateAgent\",\"LocalBusiness\"],\"@id\":\"https:\\\/\\\/lagea.ch\\\/en\\\/#organization\",\"name\":\"LAGE A AG\",\"url\":\"https:\\\/\\\/lagea.ch\\\/en\\\/\",\"logo\":{\"@type\":\"ImageObject\",\"inLanguage\":\"en-US\",\"@id\":\"https:\\\/\\\/lagea.ch\\\/en\\\/#\\\/schema\\\/logo\\\/image\\\/\",\"url\":\"https:\\\/\\\/lagea.ch\\\/wp-content\\\/uploads\\\/sites\\\/44\\\/2026\\\/08\\\/lage-a-immobilien-logo.svg\",\"contentUrl\":\"https:\\\/\\\/lagea.ch\\\/wp-content\\\/uploads\\\/sites\\\/44\\\/2026\\\/08\\\/lage-a-immobilien-logo.svg\",\"caption\":\"LAGE A AG\"},\"image\":{\"@id\":\"https:\\\/\\\/lagea.ch\\\/en\\\/#\\\/schema\\\/logo\\\/image\\\/\"},\"sameAs\":[\"https:\\\/\\\/www.instagram.com\\\/lage_a_ag\",\"https:\\\/\\\/www.youtube.com\\\/@LageAImmobilien\",\"https:\\\/\\\/www.linkedin.com\\\/company\\\/lagea-ag\\\/\"],\"address\":{\"@type\":\"PostalAddress\",\"streetAddress\":\"Neugasse 18\",\"postalCode\":\"6300\",\"addressLocality\":\"Zug\",\"addressCountry\":\"CH\"},\"telephone\":\"+41 41 727 62 62\",\"email\":\"info@lagea.ch\",\"priceRange\":\"$$$\",\"areaServed\":[{\"@type\":\"AdministrativeArea\",\"name\":\"Kanton Zug\"},{\"@type\":\"AdministrativeArea\",\"name\":\"Kanton Schwyz\"},{\"@type\":\"AdministrativeArea\",\"name\":\"Kanton Nidwalden\"},{\"@type\":\"AdministrativeArea\",\"name\":\"Kanton Obwalden\"}],\"knowsLanguage\":[\"de-CH\",\"en\"]},{\"@type\":\"Person\",\"@id\":\"https:\\\/\\\/lagea.ch\\\/en\\\/#\\\/schema\\\/person\\\/d72866c1fa1f857407c893c271740ef8\",\"name\":\"cwonyx\",\"sameAs\":[\"https:\\\/\\\/onyx.casasoft.ch\"]}]}<\/script>\n<!-- \/ Yoast SEO Premium plugin. -->","yoast_head_json":{"title":"Mietpreise Schweiz: Wo es teurer wird \u2013 und wo nicht","description":"Mieten +2,4 % im Schnitt: Ost- und Zentralschweiz steigen am st\u00e4rksten. Die regionale \u00dcbersicht zur Mietpreisentwicklung.","robots":{"index":"index","follow":"follow","max-snippet":"max-snippet:-1","max-image-preview":"max-image-preview:large","max-video-preview":"max-video-preview:-1"},"canonical":"https:\/\/lagea.ch\/en\/mietpreise-in-der-schweiz-wo-es-teurer-wird-und-wo-nicht\/","og_locale":"en_US","og_type":"article","og_title":"Mietpreise in der Schweiz \u2013 wo es teurer wird und wo nicht","og_description":"Mieten +2,4 % im Schnitt: Ost- und Zentralschweiz steigen am st\u00e4rksten. Die regionale \u00dcbersicht zur Mietpreisentwicklung.","og_url":"https:\/\/lagea.ch\/en\/mietpreise-in-der-schweiz-wo-es-teurer-wird-und-wo-nicht\/","og_site_name":"LAGE A AG","article_published_time":"2025-09-16T11:17:00+00:00","article_modified_time":"2026-08-13T13:59:56+00:00","og_image":[{"width":1500,"height":1000,"url":"https:\/\/lagea.ch\/wp-content\/uploads\/sites\/44\/2026\/08\/mietpreise-schweiz-entwicklung.webp","type":"image\/webp"}],"author":"cwonyx","twitter_card":"summary_large_image","twitter_misc":{"Written by":"cwonyx","Est. reading time":"2 minutes"},"schema":{"@context":"https:\/\/schema.org","@graph":[{"@type":"Article","@id":"https:\/\/lagea.ch\/en\/mietpreise-in-der-schweiz-wo-es-teurer-wird-und-wo-nicht\/#article","isPartOf":{"@id":"https:\/\/lagea.ch\/en\/mietpreise-in-der-schweiz-wo-es-teurer-wird-und-wo-nicht\/"},"author":{"name":"cwonyx","@id":"https:\/\/lagea.ch\/en\/#\/schema\/person\/d72866c1fa1f857407c893c271740ef8"},"headline":"Mietpreise in der Schweiz \u2013 wo es teurer wird und wo nicht","datePublished":"2025-09-16T11:17:00+00:00","dateModified":"2026-08-13T13:59:56+00:00","mainEntityOfPage":{"@id":"https:\/\/lagea.ch\/en\/mietpreise-in-der-schweiz-wo-es-teurer-wird-und-wo-nicht\/"},"wordCount":235,"publisher":{"@id":"https:\/\/lagea.ch\/en\/#organization"},"image":{"@id":"https:\/\/lagea.ch\/en\/mietpreise-in-der-schweiz-wo-es-teurer-wird-und-wo-nicht\/#primaryimage"},"thumbnailUrl":"https:\/\/lagea.ch\/wp-content\/uploads\/sites\/44\/2026\/08\/mietpreise-schweiz-entwicklung.webp","articleSection":["Marktberichte"],"inLanguage":"en-US"},{"@type":"WebPage","@id":"https:\/\/lagea.ch\/en\/mietpreise-in-der-schweiz-wo-es-teurer-wird-und-wo-nicht\/","url":"https:\/\/lagea.ch\/en\/mietpreise-in-der-schweiz-wo-es-teurer-wird-und-wo-nicht\/","name":"Mietpreise Schweiz: Wo es teurer wird \u2013 und wo nicht","isPartOf":{"@id":"https:\/\/lagea.ch\/en\/#website"},"primaryImageOfPage":{"@id":"https:\/\/lagea.ch\/en\/mietpreise-in-der-schweiz-wo-es-teurer-wird-und-wo-nicht\/#primaryimage"},"image":{"@id":"https:\/\/lagea.ch\/en\/mietpreise-in-der-schweiz-wo-es-teurer-wird-und-wo-nicht\/#primaryimage"},"thumbnailUrl":"https:\/\/lagea.ch\/wp-content\/uploads\/sites\/44\/2026\/08\/mietpreise-schweiz-entwicklung.webp","datePublished":"2025-09-16T11:17:00+00:00","dateModified":"2026-08-13T13:59:56+00:00","description":"Mieten +2,4 % im Schnitt: Ost- und Zentralschweiz steigen am st\u00e4rksten. Die regionale \u00dcbersicht zur Mietpreisentwicklung.","breadcrumb":{"@id":"https:\/\/lagea.ch\/en\/mietpreise-in-der-schweiz-wo-es-teurer-wird-und-wo-nicht\/#breadcrumb"},"inLanguage":"en-US","potentialAction":[{"@type":"ReadAction","target":["https:\/\/lagea.ch\/en\/mietpreise-in-der-schweiz-wo-es-teurer-wird-und-wo-nicht\/"]}]},{"@type":"ImageObject","inLanguage":"en-US","@id":"https:\/\/lagea.ch\/en\/mietpreise-in-der-schweiz-wo-es-teurer-wird-und-wo-nicht\/#primaryimage","url":"https:\/\/lagea.ch\/wp-content\/uploads\/sites\/44\/2026\/08\/mietpreise-schweiz-entwicklung.webp","contentUrl":"https:\/\/lagea.ch\/wp-content\/uploads\/sites\/44\/2026\/08\/mietpreise-schweiz-entwicklung.webp","width":1500,"height":1000,"caption":"Wohnhaus \u2013 Entwicklung der Mietpreise in der Schweiz"},{"@type":"BreadcrumbList","@id":"https:\/\/lagea.ch\/en\/mietpreise-in-der-schweiz-wo-es-teurer-wird-und-wo-nicht\/#breadcrumb","itemListElement":[{"@type":"ListItem","position":1,"name":"Start","item":"https:\/\/lagea.ch\/en\/"},{"@type":"ListItem","position":2,"name":"Mietpreise in der Schweiz \u2013 wo es teurer wird und wo nicht"}]},{"@type":"WebSite","@id":"https:\/\/lagea.ch\/en\/#website","url":"https:\/\/lagea.ch\/en\/","name":"LAGE A AG","description":"","publisher":{"@id":"https:\/\/lagea.ch\/en\/#organization"},"potentialAction":[{"@type":"SearchAction","target":{"@type":"EntryPoint","urlTemplate":"https:\/\/lagea.ch\/en\/?s={search_term_string}"},"query-input":{"@type":"PropertyValueSpecification","valueRequired":true,"valueName":"search_term_string"}}],"inLanguage":"en-US"},{"@type":["Organization","RealEstateAgent","LocalBusiness"],"@id":"https:\/\/lagea.ch\/en\/#organization","name":"LAGE A AG","url":"https:\/\/lagea.ch\/en\/","logo":{"@type":"ImageObject","inLanguage":"en-US","@id":"https:\/\/lagea.ch\/en\/#\/schema\/logo\/image\/","url":"https:\/\/lagea.ch\/wp-content\/uploads\/sites\/44\/2026\/08\/lage-a-immobilien-logo.svg","contentUrl":"https:\/\/lagea.ch\/wp-content\/uploads\/sites\/44\/2026\/08\/lage-a-immobilien-logo.svg","caption":"LAGE A AG"},"image":{"@id":"https:\/\/lagea.ch\/en\/#\/schema\/logo\/image\/"},"sameAs":["https:\/\/www.instagram.com\/lage_a_ag","https:\/\/www.youtube.com\/@LageAImmobilien","https:\/\/www.linkedin.com\/company\/lagea-ag\/"],"address":{"@type":"PostalAddress","streetAddress":"Neugasse 18","postalCode":"6300","addressLocality":"Zug","addressCountry":"CH"},"telephone":"+41 41 727 62 62","email":"info@lagea.ch","priceRange":"$$$","areaServed":[{"@type":"AdministrativeArea","name":"Kanton Zug"},{"@type":"AdministrativeArea","name":"Kanton Schwyz"},{"@type":"AdministrativeArea","name":"Kanton Nidwalden"},{"@type":"AdministrativeArea","name":"Kanton Obwalden"}],"knowsLanguage":["de-CH","en"]},{"@type":"Person","@id":"https:\/\/lagea.ch\/en\/#\/schema\/person\/d72866c1fa1f857407c893c271740ef8","name":"cwonyx","sameAs":["https:\/\/onyx.casasoft.ch"]}]}},"_links":{"self":[{"href":"https:\/\/lagea.ch\/en\/wp-json\/wp\/v2\/posts\/837","targetHints":{"allow":["GET"]}}],"collection":[{"href":"https:\/\/lagea.ch\/en\/wp-json\/wp\/v2\/posts"}],"about":[{"href":"https:\/\/lagea.ch\/en\/wp-json\/wp\/v2\/types\/post"}],"author":[{"embeddable":true,"href":"https:\/\/lagea.ch\/en\/wp-json\/wp\/v2\/users\/1"}],"replies":[{"embeddable":true,"href":"https:\/\/lagea.ch\/en\/wp-json\/wp\/v2\/comments?post=837"}],"version-history":[{"count":2,"href":"https:\/\/lagea.ch\/en\/wp-json\/wp\/v2\/posts\/837\/revisions"}],"predecessor-version":[{"id":840,"href":"https:\/\/lagea.ch\/en\/wp-json\/wp\/v2\/posts\/837\/revisions\/840"}],"wp:featuredmedia":[{"embeddable":true,"href":"https:\/\/lagea.ch\/en\/wp-json\/wp\/v2\/media\/865"}],"wp:attachment":[{"href":"https:\/\/lagea.ch\/en\/wp-json\/wp\/v2\/media?parent=837"}],"wp:term":[{"taxonomy":"category","embeddable":true,"href":"https:\/\/lagea.ch\/en\/wp-json\/wp\/v2\/categories?post=837"},{"taxonomy":"post_tag","embeddable":true,"href":"https:\/\/lagea.ch\/en\/wp-json\/wp\/v2\/tags?post=837"}],"curies":[{"name":"wp","href":"https:\/\/api.w.org\/{rel}","templated":true}]}}