{"id":843,"date":"2024-03-05T13:20:00","date_gmt":"2024-03-05T12:20:00","guid":{"rendered":"https:\/\/lagea.onyx.casasoft.ch\/?p=843"},"modified":"2026-08-13T16:07:27","modified_gmt":"2026-08-13T14:07:27","slug":"schweizer-immobilienmarkt-preistrends","status":"publish","type":"post","link":"https:\/\/lagea.ch\/en\/schweizer-immobilienmarkt-preistrends\/","title":{"rendered":"Schweizer Immobilienmarkt: Preistrends"},"content":{"rendered":"\n<p class=\"wp-block-casasoft-blocks-text text-small text-left\"><strong>Lage A Immobilien pr\u00e4sentiert:<\/strong><br><br><strong>Schweizer Immobilienmarkt:<\/strong> Preistrends<\/p>\n\n\n\n<p class=\"wp-block-casasoft-blocks-text text-small text-left\"><strong>Einfamilienh\u00e4user:<\/strong><br>In der Schweizer Liegenschaftsbranche zeichnet sich eine interessante Entwicklung ab. Nach einer langen Periode des stetigen Preisanstiegs bei Einfamilienh\u00e4usern ist im letzten Quartal eine Trendwende zu beobachten. Eine aktuelle Auswertung von Raiffeisen Schweiz zeigt, dass die Preise f\u00fcr Einfamilienh\u00e4user im vierten Quartal 2023 im Vergleich zum dritten Quartal um <strong>1,0 Prozent<\/strong> gesunken sind. Trotz dieses R\u00fcckgangs sind Einfamilienh\u00e4user auf Jahressicht immer noch <strong>2,2 Prozent<\/strong> teurer als im Jahr 2022. Dieser leichte R\u00fcckgang k\u00f6nnte einen Vorgeschmack auf das Jahr 2024 geben, wobei Experten wie Raiffeisen-Chef\u00f6konom Fredy Hasenmaile erwarten, dass sich die Preisr\u00fcckg\u00e4nge in engen Grenzen halten werden\u200b\u200b.<br><br><strong>Stockwerkeigentum:<\/strong><br>Ganz anders gestaltet sich die Situation bei Stockwerkeigentum. Hier wurde im selben Zeitraum ein Preisanstieg von <strong>1,7 Prozent<\/strong> verzeichnet. \u00dcber das Jahr hinweg gesehen verteuerte sich Stockwerkeigentum sogar um beachtliche <strong>5,9 Prozent<\/strong>. Die Nachfrage nach Eigentumswohnungen, insbesondere in urbanen Gebieten, bleibt hoch, was sich in einem Preisanstieg von <strong>6,6 Prozent<\/strong> in urbanen Gemeinden widerspiegelt\u200b\u200b.<br><br><strong>Regionale Unterschiede:<\/strong><br>Die Immobilienpreise in der Schweiz zeigen deutliche regionale Unterschiede. W\u00e4hrend Stockwerkeigentum in allen Regionen teurer wurde, mit besonders starken Zuw\u00e4chsen in der Innerschweiz (<strong>13,5%<\/strong>) und Z\u00fcrich (<strong>9,6%<\/strong>), ergibt sich bei Einfamilienh\u00e4usern ein gemischteres Bild. In der Genferseeregion und der Innerschweiz stiegen die Preise f\u00fcr Einfamilienh\u00e4user deutlich, w\u00e4hrend sie in Z\u00fcrich, der S\u00fcdschweiz und der Nordwestschweiz leicht r\u00fcckl\u00e4ufig waren. Besonders auff\u00e4llig ist der Preisr\u00fcckgang bei H\u00e4usern in touristischen Gemeinden, die innerhalb eines Jahres um <strong>2,7 Prozent<\/strong> sanken\u200b\u200b.<br><br><strong>Fazit:<\/strong><br>Diese Entwicklungen auf dem Schweizer Immobilienmarkt bieten sowohl f\u00fcr Eigent\u00fcmer als auch f\u00fcr Kaufinteressenten wichtige Einsichten. F\u00fcr Eigent\u00fcmer von Einfamilienh\u00e4usern k\u00f6nnte es eine gute Gelegenheit sein, sich \u00fcber allf\u00e4llige Verkaufsoptionen zu informieren, besonders in Regionen mit steigenden Preisen. Kaufinteressenten sollten sich hingegen auf die regionalen Preisunterschiede konzentrieren und m\u00f6glicherweise von den aktuellen Preissenkungen profitieren. Eines ist klar: Der Schweizer Immobilienmarkt bleibt dynamisch und bietet sowohl Herausforderungen als auch Chancen.<\/p>\n","protected":false},"excerpt":{"rendered":"","protected":false},"author":1,"featured_media":867,"comment_status":"closed","ping_status":"closed","sticky":false,"template":"","format":"standard","meta":{"_acf_changed":false,"inline_featured_image":false,"footnotes":""},"categories":[11],"tags":[],"class_list":["post-843","post","type-post","status-publish","format-standard","has-post-thumbnail","hentry","category-marktberichte"],"acf":[],"yoast_head":"<!-- This site is optimized with the Yoast SEO Premium plugin v24.5 (Yoast SEO v28.4) - https:\/\/yoast.com\/product\/yoast-seo-premium-wordpress\/ -->\n<title>Schweizer Immobilienmarkt: Preistrends<\/title>\n<meta name=\"description\" content=\"Trendwende bei Einfamilienh\u00e4usern? Was die Raiffeisen-Auswertung zum 4. Quartal 2023 f\u00fcr Eigent\u00fcmer bedeutet.\" \/>\n<meta name=\"robots\" content=\"index, follow, max-snippet:-1, max-image-preview:large, max-video-preview:-1\" \/>\n<link rel=\"canonical\" href=\"https:\/\/lagea.ch\/en\/schweizer-immobilienmarkt-preistrends\/\" \/>\n<meta property=\"og:locale\" content=\"en_US\" \/>\n<meta property=\"og:type\" content=\"article\" \/>\n<meta property=\"og:title\" content=\"Schweizer Immobilienmarkt: Preistrends\" \/>\n<meta property=\"og:description\" content=\"Trendwende bei Einfamilienh\u00e4usern? Was die Raiffeisen-Auswertung zum 4. Quartal 2023 f\u00fcr Eigent\u00fcmer bedeutet.\" \/>\n<meta property=\"og:url\" content=\"https:\/\/lagea.ch\/en\/schweizer-immobilienmarkt-preistrends\/\" \/>\n<meta property=\"og:site_name\" content=\"LAGE A AG\" \/>\n<meta property=\"article:published_time\" content=\"2024-03-05T12:20:00+00:00\" \/>\n<meta property=\"article:modified_time\" content=\"2026-08-13T14:07:27+00:00\" \/>\n<meta property=\"og:image\" content=\"https:\/\/lagea.ch\/wp-content\/uploads\/sites\/44\/2026\/08\/richard-luedi-immobilienmarkt-preistrends.webp\" \/>\n\t<meta property=\"og:image:width\" content=\"1667\" \/>\n\t<meta property=\"og:image:height\" content=\"1073\" \/>\n\t<meta property=\"og:image:type\" content=\"image\/webp\" \/>\n<meta name=\"author\" content=\"cwonyx\" \/>\n<meta name=\"twitter:card\" content=\"summary_large_image\" \/>\n<meta name=\"twitter:label1\" content=\"Written by\" \/>\n\t<meta name=\"twitter:data1\" content=\"cwonyx\" \/>\n\t<meta name=\"twitter:label2\" content=\"Est. reading time\" \/>\n\t<meta name=\"twitter:data2\" content=\"2 minutes\" \/>\n<script type=\"application\/ld+json\" class=\"yoast-schema-graph\">{\"@context\":\"https:\\\/\\\/schema.org\",\"@graph\":[{\"@type\":\"Article\",\"@id\":\"https:\\\/\\\/lagea.ch\\\/en\\\/schweizer-immobilienmarkt-preistrends\\\/#article\",\"isPartOf\":{\"@id\":\"https:\\\/\\\/lagea.ch\\\/en\\\/schweizer-immobilienmarkt-preistrends\\\/\"},\"author\":{\"name\":\"cwonyx\",\"@id\":\"https:\\\/\\\/lagea.ch\\\/en\\\/#\\\/schema\\\/person\\\/d72866c1fa1f857407c893c271740ef8\"},\"headline\":\"Schweizer Immobilienmarkt: Preistrends\",\"datePublished\":\"2024-03-05T12:20:00+00:00\",\"dateModified\":\"2026-08-13T14:07:27+00:00\",\"mainEntityOfPage\":{\"@id\":\"https:\\\/\\\/lagea.ch\\\/en\\\/schweizer-immobilienmarkt-preistrends\\\/\"},\"wordCount\":334,\"publisher\":{\"@id\":\"https:\\\/\\\/lagea.ch\\\/en\\\/#organization\"},\"image\":{\"@id\":\"https:\\\/\\\/lagea.ch\\\/en\\\/schweizer-immobilienmarkt-preistrends\\\/#primaryimage\"},\"thumbnailUrl\":\"https:\\\/\\\/lagea.ch\\\/wp-content\\\/uploads\\\/sites\\\/44\\\/2026\\\/08\\\/richard-luedi-immobilienmarkt-preistrends.webp\",\"articleSection\":[\"Marktberichte\"],\"inLanguage\":\"en-US\"},{\"@type\":\"WebPage\",\"@id\":\"https:\\\/\\\/lagea.ch\\\/en\\\/schweizer-immobilienmarkt-preistrends\\\/\",\"url\":\"https:\\\/\\\/lagea.ch\\\/en\\\/schweizer-immobilienmarkt-preistrends\\\/\",\"name\":\"Schweizer Immobilienmarkt: Preistrends\",\"isPartOf\":{\"@id\":\"https:\\\/\\\/lagea.ch\\\/en\\\/#website\"},\"primaryImageOfPage\":{\"@id\":\"https:\\\/\\\/lagea.ch\\\/en\\\/schweizer-immobilienmarkt-preistrends\\\/#primaryimage\"},\"image\":{\"@id\":\"https:\\\/\\\/lagea.ch\\\/en\\\/schweizer-immobilienmarkt-preistrends\\\/#primaryimage\"},\"thumbnailUrl\":\"https:\\\/\\\/lagea.ch\\\/wp-content\\\/uploads\\\/sites\\\/44\\\/2026\\\/08\\\/richard-luedi-immobilienmarkt-preistrends.webp\",\"datePublished\":\"2024-03-05T12:20:00+00:00\",\"dateModified\":\"2026-08-13T14:07:27+00:00\",\"description\":\"Trendwende bei Einfamilienh\u00e4usern? Was die Raiffeisen-Auswertung zum 4. Quartal 2023 f\u00fcr Eigent\u00fcmer bedeutet.\",\"breadcrumb\":{\"@id\":\"https:\\\/\\\/lagea.ch\\\/en\\\/schweizer-immobilienmarkt-preistrends\\\/#breadcrumb\"},\"inLanguage\":\"en-US\",\"potentialAction\":[{\"@type\":\"ReadAction\",\"target\":[\"https:\\\/\\\/lagea.ch\\\/en\\\/schweizer-immobilienmarkt-preistrends\\\/\"]}]},{\"@type\":\"ImageObject\",\"inLanguage\":\"en-US\",\"@id\":\"https:\\\/\\\/lagea.ch\\\/en\\\/schweizer-immobilienmarkt-preistrends\\\/#primaryimage\",\"url\":\"https:\\\/\\\/lagea.ch\\\/wp-content\\\/uploads\\\/sites\\\/44\\\/2026\\\/08\\\/richard-luedi-immobilienmarkt-preistrends.webp\",\"contentUrl\":\"https:\\\/\\\/lagea.ch\\\/wp-content\\\/uploads\\\/sites\\\/44\\\/2026\\\/08\\\/richard-luedi-immobilienmarkt-preistrends.webp\",\"width\":1667,\"height\":1073,\"caption\":\"Richard A. L\u00fcdi \u2013 Preistrends am Schweizer Immobilienmarkt\"},{\"@type\":\"BreadcrumbList\",\"@id\":\"https:\\\/\\\/lagea.ch\\\/en\\\/schweizer-immobilienmarkt-preistrends\\\/#breadcrumb\",\"itemListElement\":[{\"@type\":\"ListItem\",\"position\":1,\"name\":\"Start\",\"item\":\"https:\\\/\\\/lagea.ch\\\/en\\\/\"},{\"@type\":\"ListItem\",\"position\":2,\"name\":\"Schweizer Immobilienmarkt: Preistrends\"}]},{\"@type\":\"WebSite\",\"@id\":\"https:\\\/\\\/lagea.ch\\\/en\\\/#website\",\"url\":\"https:\\\/\\\/lagea.ch\\\/en\\\/\",\"name\":\"LAGE A AG\",\"description\":\"\",\"publisher\":{\"@id\":\"https:\\\/\\\/lagea.ch\\\/en\\\/#organization\"},\"potentialAction\":[{\"@type\":\"SearchAction\",\"target\":{\"@type\":\"EntryPoint\",\"urlTemplate\":\"https:\\\/\\\/lagea.ch\\\/en\\\/?s={search_term_string}\"},\"query-input\":{\"@type\":\"PropertyValueSpecification\",\"valueRequired\":true,\"valueName\":\"search_term_string\"}}],\"inLanguage\":\"en-US\"},{\"@type\":[\"Organization\",\"RealEstateAgent\",\"LocalBusiness\"],\"@id\":\"https:\\\/\\\/lagea.ch\\\/en\\\/#organization\",\"name\":\"LAGE A AG\",\"url\":\"https:\\\/\\\/lagea.ch\\\/en\\\/\",\"logo\":{\"@type\":\"ImageObject\",\"inLanguage\":\"en-US\",\"@id\":\"https:\\\/\\\/lagea.ch\\\/en\\\/#\\\/schema\\\/logo\\\/image\\\/\",\"url\":\"https:\\\/\\\/lagea.ch\\\/wp-content\\\/uploads\\\/sites\\\/44\\\/2026\\\/08\\\/lage-a-immobilien-logo.svg\",\"contentUrl\":\"https:\\\/\\\/lagea.ch\\\/wp-content\\\/uploads\\\/sites\\\/44\\\/2026\\\/08\\\/lage-a-immobilien-logo.svg\",\"caption\":\"LAGE A AG\"},\"image\":{\"@id\":\"https:\\\/\\\/lagea.ch\\\/en\\\/#\\\/schema\\\/logo\\\/image\\\/\"},\"sameAs\":[\"https:\\\/\\\/www.instagram.com\\\/lage_a_ag\",\"https:\\\/\\\/www.youtube.com\\\/@LageAImmobilien\",\"https:\\\/\\\/www.linkedin.com\\\/company\\\/lagea-ag\\\/\"],\"address\":{\"@type\":\"PostalAddress\",\"streetAddress\":\"Neugasse 18\",\"postalCode\":\"6300\",\"addressLocality\":\"Zug\",\"addressCountry\":\"CH\"},\"telephone\":\"+41 41 727 62 62\",\"email\":\"info@lagea.ch\",\"priceRange\":\"$$$\",\"areaServed\":[{\"@type\":\"AdministrativeArea\",\"name\":\"Kanton Zug\"},{\"@type\":\"AdministrativeArea\",\"name\":\"Kanton Schwyz\"},{\"@type\":\"AdministrativeArea\",\"name\":\"Kanton Nidwalden\"},{\"@type\":\"AdministrativeArea\",\"name\":\"Kanton Obwalden\"}],\"knowsLanguage\":[\"de-CH\",\"en\"]},{\"@type\":\"Person\",\"@id\":\"https:\\\/\\\/lagea.ch\\\/en\\\/#\\\/schema\\\/person\\\/d72866c1fa1f857407c893c271740ef8\",\"name\":\"cwonyx\",\"sameAs\":[\"https:\\\/\\\/onyx.casasoft.ch\"]}]}<\/script>\n<!-- \/ Yoast SEO Premium plugin. -->","yoast_head_json":{"title":"Schweizer Immobilienmarkt: Preistrends","description":"Trendwende bei Einfamilienh\u00e4usern? Was die Raiffeisen-Auswertung zum 4. Quartal 2023 f\u00fcr Eigent\u00fcmer bedeutet.","robots":{"index":"index","follow":"follow","max-snippet":"max-snippet:-1","max-image-preview":"max-image-preview:large","max-video-preview":"max-video-preview:-1"},"canonical":"https:\/\/lagea.ch\/en\/schweizer-immobilienmarkt-preistrends\/","og_locale":"en_US","og_type":"article","og_title":"Schweizer Immobilienmarkt: Preistrends","og_description":"Trendwende bei Einfamilienh\u00e4usern? Was die Raiffeisen-Auswertung zum 4. Quartal 2023 f\u00fcr Eigent\u00fcmer bedeutet.","og_url":"https:\/\/lagea.ch\/en\/schweizer-immobilienmarkt-preistrends\/","og_site_name":"LAGE A AG","article_published_time":"2024-03-05T12:20:00+00:00","article_modified_time":"2026-08-13T14:07:27+00:00","og_image":[{"width":1667,"height":1073,"url":"https:\/\/lagea.ch\/wp-content\/uploads\/sites\/44\/2026\/08\/richard-luedi-immobilienmarkt-preistrends.webp","type":"image\/webp"}],"author":"cwonyx","twitter_card":"summary_large_image","twitter_misc":{"Written by":"cwonyx","Est. reading time":"2 minutes"},"schema":{"@context":"https:\/\/schema.org","@graph":[{"@type":"Article","@id":"https:\/\/lagea.ch\/en\/schweizer-immobilienmarkt-preistrends\/#article","isPartOf":{"@id":"https:\/\/lagea.ch\/en\/schweizer-immobilienmarkt-preistrends\/"},"author":{"name":"cwonyx","@id":"https:\/\/lagea.ch\/en\/#\/schema\/person\/d72866c1fa1f857407c893c271740ef8"},"headline":"Schweizer Immobilienmarkt: Preistrends","datePublished":"2024-03-05T12:20:00+00:00","dateModified":"2026-08-13T14:07:27+00:00","mainEntityOfPage":{"@id":"https:\/\/lagea.ch\/en\/schweizer-immobilienmarkt-preistrends\/"},"wordCount":334,"publisher":{"@id":"https:\/\/lagea.ch\/en\/#organization"},"image":{"@id":"https:\/\/lagea.ch\/en\/schweizer-immobilienmarkt-preistrends\/#primaryimage"},"thumbnailUrl":"https:\/\/lagea.ch\/wp-content\/uploads\/sites\/44\/2026\/08\/richard-luedi-immobilienmarkt-preistrends.webp","articleSection":["Marktberichte"],"inLanguage":"en-US"},{"@type":"WebPage","@id":"https:\/\/lagea.ch\/en\/schweizer-immobilienmarkt-preistrends\/","url":"https:\/\/lagea.ch\/en\/schweizer-immobilienmarkt-preistrends\/","name":"Schweizer Immobilienmarkt: Preistrends","isPartOf":{"@id":"https:\/\/lagea.ch\/en\/#website"},"primaryImageOfPage":{"@id":"https:\/\/lagea.ch\/en\/schweizer-immobilienmarkt-preistrends\/#primaryimage"},"image":{"@id":"https:\/\/lagea.ch\/en\/schweizer-immobilienmarkt-preistrends\/#primaryimage"},"thumbnailUrl":"https:\/\/lagea.ch\/wp-content\/uploads\/sites\/44\/2026\/08\/richard-luedi-immobilienmarkt-preistrends.webp","datePublished":"2024-03-05T12:20:00+00:00","dateModified":"2026-08-13T14:07:27+00:00","description":"Trendwende bei Einfamilienh\u00e4usern? Was die Raiffeisen-Auswertung zum 4. Quartal 2023 f\u00fcr Eigent\u00fcmer bedeutet.","breadcrumb":{"@id":"https:\/\/lagea.ch\/en\/schweizer-immobilienmarkt-preistrends\/#breadcrumb"},"inLanguage":"en-US","potentialAction":[{"@type":"ReadAction","target":["https:\/\/lagea.ch\/en\/schweizer-immobilienmarkt-preistrends\/"]}]},{"@type":"ImageObject","inLanguage":"en-US","@id":"https:\/\/lagea.ch\/en\/schweizer-immobilienmarkt-preistrends\/#primaryimage","url":"https:\/\/lagea.ch\/wp-content\/uploads\/sites\/44\/2026\/08\/richard-luedi-immobilienmarkt-preistrends.webp","contentUrl":"https:\/\/lagea.ch\/wp-content\/uploads\/sites\/44\/2026\/08\/richard-luedi-immobilienmarkt-preistrends.webp","width":1667,"height":1073,"caption":"Richard A. L\u00fcdi \u2013 Preistrends am Schweizer Immobilienmarkt"},{"@type":"BreadcrumbList","@id":"https:\/\/lagea.ch\/en\/schweizer-immobilienmarkt-preistrends\/#breadcrumb","itemListElement":[{"@type":"ListItem","position":1,"name":"Start","item":"https:\/\/lagea.ch\/en\/"},{"@type":"ListItem","position":2,"name":"Schweizer Immobilienmarkt: Preistrends"}]},{"@type":"WebSite","@id":"https:\/\/lagea.ch\/en\/#website","url":"https:\/\/lagea.ch\/en\/","name":"LAGE A AG","description":"","publisher":{"@id":"https:\/\/lagea.ch\/en\/#organization"},"potentialAction":[{"@type":"SearchAction","target":{"@type":"EntryPoint","urlTemplate":"https:\/\/lagea.ch\/en\/?s={search_term_string}"},"query-input":{"@type":"PropertyValueSpecification","valueRequired":true,"valueName":"search_term_string"}}],"inLanguage":"en-US"},{"@type":["Organization","RealEstateAgent","LocalBusiness"],"@id":"https:\/\/lagea.ch\/en\/#organization","name":"LAGE A AG","url":"https:\/\/lagea.ch\/en\/","logo":{"@type":"ImageObject","inLanguage":"en-US","@id":"https:\/\/lagea.ch\/en\/#\/schema\/logo\/image\/","url":"https:\/\/lagea.ch\/wp-content\/uploads\/sites\/44\/2026\/08\/lage-a-immobilien-logo.svg","contentUrl":"https:\/\/lagea.ch\/wp-content\/uploads\/sites\/44\/2026\/08\/lage-a-immobilien-logo.svg","caption":"LAGE A AG"},"image":{"@id":"https:\/\/lagea.ch\/en\/#\/schema\/logo\/image\/"},"sameAs":["https:\/\/www.instagram.com\/lage_a_ag","https:\/\/www.youtube.com\/@LageAImmobilien","https:\/\/www.linkedin.com\/company\/lagea-ag\/"],"address":{"@type":"PostalAddress","streetAddress":"Neugasse 18","postalCode":"6300","addressLocality":"Zug","addressCountry":"CH"},"telephone":"+41 41 727 62 62","email":"info@lagea.ch","priceRange":"$$$","areaServed":[{"@type":"AdministrativeArea","name":"Kanton Zug"},{"@type":"AdministrativeArea","name":"Kanton Schwyz"},{"@type":"AdministrativeArea","name":"Kanton Nidwalden"},{"@type":"AdministrativeArea","name":"Kanton Obwalden"}],"knowsLanguage":["de-CH","en"]},{"@type":"Person","@id":"https:\/\/lagea.ch\/en\/#\/schema\/person\/d72866c1fa1f857407c893c271740ef8","name":"cwonyx","sameAs":["https:\/\/onyx.casasoft.ch"]}]}},"_links":{"self":[{"href":"https:\/\/lagea.ch\/en\/wp-json\/wp\/v2\/posts\/843","targetHints":{"allow":["GET"]}}],"collection":[{"href":"https:\/\/lagea.ch\/en\/wp-json\/wp\/v2\/posts"}],"about":[{"href":"https:\/\/lagea.ch\/en\/wp-json\/wp\/v2\/types\/post"}],"author":[{"embeddable":true,"href":"https:\/\/lagea.ch\/en\/wp-json\/wp\/v2\/users\/1"}],"replies":[{"embeddable":true,"href":"https:\/\/lagea.ch\/en\/wp-json\/wp\/v2\/comments?post=843"}],"version-history":[{"count":2,"href":"https:\/\/lagea.ch\/en\/wp-json\/wp\/v2\/posts\/843\/revisions"}],"predecessor-version":[{"id":886,"href":"https:\/\/lagea.ch\/en\/wp-json\/wp\/v2\/posts\/843\/revisions\/886"}],"wp:featuredmedia":[{"embeddable":true,"href":"https:\/\/lagea.ch\/en\/wp-json\/wp\/v2\/media\/867"}],"wp:attachment":[{"href":"https:\/\/lagea.ch\/en\/wp-json\/wp\/v2\/media?parent=843"}],"wp:term":[{"taxonomy":"category","embeddable":true,"href":"https:\/\/lagea.ch\/en\/wp-json\/wp\/v2\/categories?post=843"},{"taxonomy":"post_tag","embeddable":true,"href":"https:\/\/lagea.ch\/en\/wp-json\/wp\/v2\/tags?post=843"}],"curies":[{"name":"wp","href":"https:\/\/api.w.org\/{rel}","templated":true}]}}