{"id":847,"date":"2025-05-28T13:22:00","date_gmt":"2025-05-28T11:22:00","guid":{"rendered":"https:\/\/lagea.onyx.casasoft.ch\/?p=847"},"modified":"2026-08-13T16:01:57","modified_gmt":"2026-08-13T14:01:57","slug":"wenn-das-zuhause-zu-gross-wird-neue-chancen-fuer-die-generation-60","status":"publish","type":"post","link":"https:\/\/lagea.ch\/en\/wenn-das-zuhause-zu-gross-wird-neue-chancen-fuer-die-generation-60\/","title":{"rendered":"Wenn das Zuhause zu gross wird \u2013 neue Chancen f\u00fcr die Generation 60+"},"content":{"rendered":"\n<p class=\"wp-block-casasoft-blocks-text text-small text-left\"><strong>Wohnsystem Schweiz:<\/strong> Zu wenig Angebote f\u00fcr den Wohnwandel im Alter<br><strong>Viele Menschen<\/strong> in der Schweiz leben im Alter in zu grossen Wohnungen \u2013 oft allein oder zu zweit auf Fl\u00e4chen, die fr\u00fcher einer ganzen Familie Platz boten. Eine aktuelle Studie der ZHAW in Zusammenarbeit mit dem Bundesamt f\u00fcr Wohnungswesen (BWO) best\u00e4tigt: Rund <strong>30 Prozent<\/strong> der Befragten zwischen 45 und 79 Jahren w\u00e4ren grunds\u00e4tzlich bereit, sich zu verkleinern \u2013 doch passende Angebote fehlen vielerorts.<br><br>Der Auszug der Kinder, der Wunsch nach einer ruhigeren Lage, tiefere Unterhaltskosten oder die Pensionierung sind typische Ausl\u00f6ser f\u00fcr diesen Wandel. Doch trotz dieser Offenheit bleiben viele Seniorinnen und Senioren in ihren bisherigen H\u00e4usern \u2013 nicht aus Bequemlichkeit, sondern aus Mangel an Alternativen.<br><br>\u201eDas Schweizer Wohnsystem setzt auf Stabilit\u00e4t statt Wandel\u201c, so die Studienautoren. Und tats\u00e4chlich: W\u00e4hrend Eigentumsf\u00f6rderung ein zentrales politisches Ziel bleibt, gibt es kaum Initiativen, die Wohnraumtausch oder generationen\u00fcbergreifende Wohnprojekte unterst\u00fctzen.<br><br><strong>Lage A erkennt den Bedarf \u2013 und handelt<\/strong><\/p>\n\n\n\n<ul class=\"wp-block-list\">\n<li>Bei Lage A Immobilien begegnen wir dieser Realit\u00e4t t\u00e4glich. Viele Eigent\u00fcmerinnen und Eigent\u00fcmer in der zweiten Lebensh\u00e4lfte w\u00fcnschen sich einen Wechsel in eine kompaktere, barrierefreie Wohnung mit guter Erreichbarkeit \u2013 doch der Weg dahin ist oft mit Unsicherheit gepflastert.<\/li>\n<\/ul>\n\n\n\n<p class=\"wp-block-casasoft-blocks-text text-small text-left\">Deshalb entwickeln wir gezielte Vermarktungs- und Umnutzungskonzepte, unterst\u00fctzen bei der Wertermittlung, begleiten den Verkaufsprozess der bisherigen Immobilie und bieten gleichzeitig massgeschneiderte Angebote f\u00fcr neue Wohnformen.<br><br>\u201eEs braucht mehr als nur Makler \u2013 es braucht pers\u00f6nliche Begleitung in einer Lebensphase voller Umbr\u00fcche\u201c, so Richard L\u00fcdi, Inhaber von Lage A.<br><br><strong>Unsere Mission:<\/strong> Wohnraum schaffen \u2013 Lebensqualit\u00e4t erhalten<\/p>\n\n\n\n<ul class=\"wp-block-list\">\n<li>Wir sehen den gesellschaftlichen Wandel als Chance. Mit innovativen Ideen, fundierter Marktkenntnis und einem breiten Netzwerk schaffen wir \u00dcberg\u00e4nge \u2013 vom grossen Familienhaus zur modernen Stadtwohnung, vom Eigentum zur hochwertigen Mietl\u00f6sung, vom Z\u00f6gern zum Handeln.<\/li>\n<\/ul>\n\n\n\n<p class=\"wp-block-casasoft-blocks-text text-small text-left\">\ud83d\udc49 Sind Sie selbst betroffen oder kennen jemanden in dieser Situation?<br><br>Dann laden wir Sie ein, mit uns ins Gespr\u00e4ch zu kommen. Lassen Sie sich beraten \u2013 diskret, individuell und mit einem klaren Ziel: Ihre Wohnzukunft aktiv zu gestalten.<br><br>\ud83d\udcde Kontaktieren Sie uns unter www.lagea.ch oder telefonisch unter 041 727 62 60.<\/p>\n","protected":false},"excerpt":{"rendered":"","protected":false},"author":1,"featured_media":871,"comment_status":"closed","ping_status":"closed","sticky":false,"template":"","format":"standard","meta":{"_acf_changed":false,"inline_featured_image":false,"footnotes":""},"categories":[12],"tags":[],"class_list":["post-847","post","type-post","status-publish","format-standard","has-post-thumbnail","hentry","category-ratgeber"],"acf":[],"yoast_head":"<!-- This site is optimized with the Yoast SEO Premium plugin v24.5 (Yoast SEO v28.4) - https:\/\/yoast.com\/product\/yoast-seo-premium-wordpress\/ -->\n<title>Wenn das Zuhause zu gross wird: Chancen f\u00fcr 60+<\/title>\n<meta name=\"description\" content=\"Rund 30 % der Wohnfl\u00e4che geh\u00f6ren Haushalten 60+. Warum ein Wohnwechsel im Alter Chancen er\u00f6ffnet \u2013 f\u00fcr Eigent\u00fcmer und den Markt.\" \/>\n<meta name=\"robots\" content=\"index, follow, max-snippet:-1, max-image-preview:large, max-video-preview:-1\" \/>\n<link rel=\"canonical\" href=\"https:\/\/lagea.ch\/en\/wenn-das-zuhause-zu-gross-wird-neue-chancen-fuer-die-generation-60\/\" \/>\n<meta property=\"og:locale\" content=\"en_US\" \/>\n<meta property=\"og:type\" content=\"article\" \/>\n<meta property=\"og:title\" content=\"Wenn das Zuhause zu gross wird \u2013 neue Chancen f\u00fcr die Generation 60+\" \/>\n<meta property=\"og:description\" content=\"Rund 30 % der Wohnfl\u00e4che geh\u00f6ren Haushalten 60+. Warum ein Wohnwechsel im Alter Chancen er\u00f6ffnet \u2013 f\u00fcr Eigent\u00fcmer und den Markt.\" \/>\n<meta property=\"og:url\" content=\"https:\/\/lagea.ch\/en\/wenn-das-zuhause-zu-gross-wird-neue-chancen-fuer-die-generation-60\/\" \/>\n<meta property=\"og:site_name\" content=\"LAGE A AG\" \/>\n<meta property=\"article:published_time\" content=\"2025-05-28T11:22:00+00:00\" \/>\n<meta property=\"article:modified_time\" content=\"2026-08-13T14:01:57+00:00\" \/>\n<meta property=\"og:image\" content=\"https:\/\/lagea.ch\/wp-content\/uploads\/sites\/44\/2026\/08\/wohnen-im-alter-generation-60plus.webp\" \/>\n\t<meta property=\"og:image:width\" content=\"1536\" \/>\n\t<meta property=\"og:image:height\" content=\"1024\" \/>\n\t<meta property=\"og:image:type\" content=\"image\/webp\" \/>\n<meta name=\"author\" content=\"cwonyx\" \/>\n<meta name=\"twitter:card\" content=\"summary_large_image\" \/>\n<meta name=\"twitter:label1\" content=\"Written by\" \/>\n\t<meta name=\"twitter:data1\" content=\"cwonyx\" \/>\n\t<meta name=\"twitter:label2\" content=\"Est. reading time\" \/>\n\t<meta name=\"twitter:data2\" content=\"3 minutes\" \/>\n<script type=\"application\/ld+json\" class=\"yoast-schema-graph\">{\"@context\":\"https:\\\/\\\/schema.org\",\"@graph\":[{\"@type\":\"Article\",\"@id\":\"https:\\\/\\\/lagea.ch\\\/en\\\/wenn-das-zuhause-zu-gross-wird-neue-chancen-fuer-die-generation-60\\\/#article\",\"isPartOf\":{\"@id\":\"https:\\\/\\\/lagea.ch\\\/en\\\/wenn-das-zuhause-zu-gross-wird-neue-chancen-fuer-die-generation-60\\\/\"},\"author\":{\"name\":\"cwonyx\",\"@id\":\"https:\\\/\\\/lagea.ch\\\/en\\\/#\\\/schema\\\/person\\\/d72866c1fa1f857407c893c271740ef8\"},\"headline\":\"Wenn das Zuhause zu gross wird \u2013 neue Chancen f\u00fcr die Generation 60+\",\"datePublished\":\"2025-05-28T11:22:00+00:00\",\"dateModified\":\"2026-08-13T14:01:57+00:00\",\"mainEntityOfPage\":{\"@id\":\"https:\\\/\\\/lagea.ch\\\/en\\\/wenn-das-zuhause-zu-gross-wird-neue-chancen-fuer-die-generation-60\\\/\"},\"wordCount\":363,\"publisher\":{\"@id\":\"https:\\\/\\\/lagea.ch\\\/en\\\/#organization\"},\"image\":{\"@id\":\"https:\\\/\\\/lagea.ch\\\/en\\\/wenn-das-zuhause-zu-gross-wird-neue-chancen-fuer-die-generation-60\\\/#primaryimage\"},\"thumbnailUrl\":\"https:\\\/\\\/lagea.ch\\\/wp-content\\\/uploads\\\/sites\\\/44\\\/2026\\\/08\\\/wohnen-im-alter-generation-60plus.webp\",\"articleSection\":[\"Ratgeber\"],\"inLanguage\":\"en-US\"},{\"@type\":\"WebPage\",\"@id\":\"https:\\\/\\\/lagea.ch\\\/en\\\/wenn-das-zuhause-zu-gross-wird-neue-chancen-fuer-die-generation-60\\\/\",\"url\":\"https:\\\/\\\/lagea.ch\\\/en\\\/wenn-das-zuhause-zu-gross-wird-neue-chancen-fuer-die-generation-60\\\/\",\"name\":\"Wenn das Zuhause zu gross wird: Chancen f\u00fcr 60+\",\"isPartOf\":{\"@id\":\"https:\\\/\\\/lagea.ch\\\/en\\\/#website\"},\"primaryImageOfPage\":{\"@id\":\"https:\\\/\\\/lagea.ch\\\/en\\\/wenn-das-zuhause-zu-gross-wird-neue-chancen-fuer-die-generation-60\\\/#primaryimage\"},\"image\":{\"@id\":\"https:\\\/\\\/lagea.ch\\\/en\\\/wenn-das-zuhause-zu-gross-wird-neue-chancen-fuer-die-generation-60\\\/#primaryimage\"},\"thumbnailUrl\":\"https:\\\/\\\/lagea.ch\\\/wp-content\\\/uploads\\\/sites\\\/44\\\/2026\\\/08\\\/wohnen-im-alter-generation-60plus.webp\",\"datePublished\":\"2025-05-28T11:22:00+00:00\",\"dateModified\":\"2026-08-13T14:01:57+00:00\",\"description\":\"Rund 30 % der Wohnfl\u00e4che geh\u00f6ren Haushalten 60+. Warum ein Wohnwechsel im Alter Chancen er\u00f6ffnet \u2013 f\u00fcr Eigent\u00fcmer und den Markt.\",\"breadcrumb\":{\"@id\":\"https:\\\/\\\/lagea.ch\\\/en\\\/wenn-das-zuhause-zu-gross-wird-neue-chancen-fuer-die-generation-60\\\/#breadcrumb\"},\"inLanguage\":\"en-US\",\"potentialAction\":[{\"@type\":\"ReadAction\",\"target\":[\"https:\\\/\\\/lagea.ch\\\/en\\\/wenn-das-zuhause-zu-gross-wird-neue-chancen-fuer-die-generation-60\\\/\"]}]},{\"@type\":\"ImageObject\",\"inLanguage\":\"en-US\",\"@id\":\"https:\\\/\\\/lagea.ch\\\/en\\\/wenn-das-zuhause-zu-gross-wird-neue-chancen-fuer-die-generation-60\\\/#primaryimage\",\"url\":\"https:\\\/\\\/lagea.ch\\\/wp-content\\\/uploads\\\/sites\\\/44\\\/2026\\\/08\\\/wohnen-im-alter-generation-60plus.webp\",\"contentUrl\":\"https:\\\/\\\/lagea.ch\\\/wp-content\\\/uploads\\\/sites\\\/44\\\/2026\\\/08\\\/wohnen-im-alter-generation-60plus.webp\",\"width\":1536,\"height\":1024,\"caption\":\"Wohnen im Alter \u2013 neue Chancen f\u00fcr die Generation 60+\"},{\"@type\":\"BreadcrumbList\",\"@id\":\"https:\\\/\\\/lagea.ch\\\/en\\\/wenn-das-zuhause-zu-gross-wird-neue-chancen-fuer-die-generation-60\\\/#breadcrumb\",\"itemListElement\":[{\"@type\":\"ListItem\",\"position\":1,\"name\":\"Start\",\"item\":\"https:\\\/\\\/lagea.ch\\\/en\\\/\"},{\"@type\":\"ListItem\",\"position\":2,\"name\":\"Wenn das Zuhause zu gross wird \u2013 neue Chancen f\u00fcr die Generation 60+\"}]},{\"@type\":\"WebSite\",\"@id\":\"https:\\\/\\\/lagea.ch\\\/en\\\/#website\",\"url\":\"https:\\\/\\\/lagea.ch\\\/en\\\/\",\"name\":\"LAGE A AG\",\"description\":\"\",\"publisher\":{\"@id\":\"https:\\\/\\\/lagea.ch\\\/en\\\/#organization\"},\"potentialAction\":[{\"@type\":\"SearchAction\",\"target\":{\"@type\":\"EntryPoint\",\"urlTemplate\":\"https:\\\/\\\/lagea.ch\\\/en\\\/?s={search_term_string}\"},\"query-input\":{\"@type\":\"PropertyValueSpecification\",\"valueRequired\":true,\"valueName\":\"search_term_string\"}}],\"inLanguage\":\"en-US\"},{\"@type\":[\"Organization\",\"RealEstateAgent\",\"LocalBusiness\"],\"@id\":\"https:\\\/\\\/lagea.ch\\\/en\\\/#organization\",\"name\":\"LAGE A AG\",\"url\":\"https:\\\/\\\/lagea.ch\\\/en\\\/\",\"logo\":{\"@type\":\"ImageObject\",\"inLanguage\":\"en-US\",\"@id\":\"https:\\\/\\\/lagea.ch\\\/en\\\/#\\\/schema\\\/logo\\\/image\\\/\",\"url\":\"https:\\\/\\\/lagea.ch\\\/wp-content\\\/uploads\\\/sites\\\/44\\\/2026\\\/08\\\/lage-a-immobilien-logo.svg\",\"contentUrl\":\"https:\\\/\\\/lagea.ch\\\/wp-content\\\/uploads\\\/sites\\\/44\\\/2026\\\/08\\\/lage-a-immobilien-logo.svg\",\"caption\":\"LAGE A AG\"},\"image\":{\"@id\":\"https:\\\/\\\/lagea.ch\\\/en\\\/#\\\/schema\\\/logo\\\/image\\\/\"},\"sameAs\":[\"https:\\\/\\\/www.instagram.com\\\/lage_a_ag\",\"https:\\\/\\\/www.youtube.com\\\/@LageAImmobilien\",\"https:\\\/\\\/www.linkedin.com\\\/company\\\/lagea-ag\\\/\"],\"address\":{\"@type\":\"PostalAddress\",\"streetAddress\":\"Neugasse 18\",\"postalCode\":\"6300\",\"addressLocality\":\"Zug\",\"addressCountry\":\"CH\"},\"telephone\":\"+41 41 727 62 62\",\"email\":\"info@lagea.ch\",\"priceRange\":\"$$$\",\"areaServed\":[{\"@type\":\"AdministrativeArea\",\"name\":\"Kanton Zug\"},{\"@type\":\"AdministrativeArea\",\"name\":\"Kanton Schwyz\"},{\"@type\":\"AdministrativeArea\",\"name\":\"Kanton Nidwalden\"},{\"@type\":\"AdministrativeArea\",\"name\":\"Kanton Obwalden\"}],\"knowsLanguage\":[\"de-CH\",\"en\"]},{\"@type\":\"Person\",\"@id\":\"https:\\\/\\\/lagea.ch\\\/en\\\/#\\\/schema\\\/person\\\/d72866c1fa1f857407c893c271740ef8\",\"name\":\"cwonyx\",\"sameAs\":[\"https:\\\/\\\/onyx.casasoft.ch\"]}]}<\/script>\n<!-- \/ Yoast SEO Premium plugin. -->","yoast_head_json":{"title":"Wenn das Zuhause zu gross wird: Chancen f\u00fcr 60+","description":"Rund 30 % der Wohnfl\u00e4che geh\u00f6ren Haushalten 60+. Warum ein Wohnwechsel im Alter Chancen er\u00f6ffnet \u2013 f\u00fcr Eigent\u00fcmer und den Markt.","robots":{"index":"index","follow":"follow","max-snippet":"max-snippet:-1","max-image-preview":"max-image-preview:large","max-video-preview":"max-video-preview:-1"},"canonical":"https:\/\/lagea.ch\/en\/wenn-das-zuhause-zu-gross-wird-neue-chancen-fuer-die-generation-60\/","og_locale":"en_US","og_type":"article","og_title":"Wenn das Zuhause zu gross wird \u2013 neue Chancen f\u00fcr die Generation 60+","og_description":"Rund 30 % der Wohnfl\u00e4che geh\u00f6ren Haushalten 60+. Warum ein Wohnwechsel im Alter Chancen er\u00f6ffnet \u2013 f\u00fcr Eigent\u00fcmer und den Markt.","og_url":"https:\/\/lagea.ch\/en\/wenn-das-zuhause-zu-gross-wird-neue-chancen-fuer-die-generation-60\/","og_site_name":"LAGE A AG","article_published_time":"2025-05-28T11:22:00+00:00","article_modified_time":"2026-08-13T14:01:57+00:00","og_image":[{"width":1536,"height":1024,"url":"https:\/\/lagea.ch\/wp-content\/uploads\/sites\/44\/2026\/08\/wohnen-im-alter-generation-60plus.webp","type":"image\/webp"}],"author":"cwonyx","twitter_card":"summary_large_image","twitter_misc":{"Written by":"cwonyx","Est. reading time":"3 minutes"},"schema":{"@context":"https:\/\/schema.org","@graph":[{"@type":"Article","@id":"https:\/\/lagea.ch\/en\/wenn-das-zuhause-zu-gross-wird-neue-chancen-fuer-die-generation-60\/#article","isPartOf":{"@id":"https:\/\/lagea.ch\/en\/wenn-das-zuhause-zu-gross-wird-neue-chancen-fuer-die-generation-60\/"},"author":{"name":"cwonyx","@id":"https:\/\/lagea.ch\/en\/#\/schema\/person\/d72866c1fa1f857407c893c271740ef8"},"headline":"Wenn das Zuhause zu gross wird \u2013 neue Chancen f\u00fcr die Generation 60+","datePublished":"2025-05-28T11:22:00+00:00","dateModified":"2026-08-13T14:01:57+00:00","mainEntityOfPage":{"@id":"https:\/\/lagea.ch\/en\/wenn-das-zuhause-zu-gross-wird-neue-chancen-fuer-die-generation-60\/"},"wordCount":363,"publisher":{"@id":"https:\/\/lagea.ch\/en\/#organization"},"image":{"@id":"https:\/\/lagea.ch\/en\/wenn-das-zuhause-zu-gross-wird-neue-chancen-fuer-die-generation-60\/#primaryimage"},"thumbnailUrl":"https:\/\/lagea.ch\/wp-content\/uploads\/sites\/44\/2026\/08\/wohnen-im-alter-generation-60plus.webp","articleSection":["Ratgeber"],"inLanguage":"en-US"},{"@type":"WebPage","@id":"https:\/\/lagea.ch\/en\/wenn-das-zuhause-zu-gross-wird-neue-chancen-fuer-die-generation-60\/","url":"https:\/\/lagea.ch\/en\/wenn-das-zuhause-zu-gross-wird-neue-chancen-fuer-die-generation-60\/","name":"Wenn das Zuhause zu gross wird: Chancen f\u00fcr 60+","isPartOf":{"@id":"https:\/\/lagea.ch\/en\/#website"},"primaryImageOfPage":{"@id":"https:\/\/lagea.ch\/en\/wenn-das-zuhause-zu-gross-wird-neue-chancen-fuer-die-generation-60\/#primaryimage"},"image":{"@id":"https:\/\/lagea.ch\/en\/wenn-das-zuhause-zu-gross-wird-neue-chancen-fuer-die-generation-60\/#primaryimage"},"thumbnailUrl":"https:\/\/lagea.ch\/wp-content\/uploads\/sites\/44\/2026\/08\/wohnen-im-alter-generation-60plus.webp","datePublished":"2025-05-28T11:22:00+00:00","dateModified":"2026-08-13T14:01:57+00:00","description":"Rund 30 % der Wohnfl\u00e4che geh\u00f6ren Haushalten 60+. Warum ein Wohnwechsel im Alter Chancen er\u00f6ffnet \u2013 f\u00fcr Eigent\u00fcmer und den Markt.","breadcrumb":{"@id":"https:\/\/lagea.ch\/en\/wenn-das-zuhause-zu-gross-wird-neue-chancen-fuer-die-generation-60\/#breadcrumb"},"inLanguage":"en-US","potentialAction":[{"@type":"ReadAction","target":["https:\/\/lagea.ch\/en\/wenn-das-zuhause-zu-gross-wird-neue-chancen-fuer-die-generation-60\/"]}]},{"@type":"ImageObject","inLanguage":"en-US","@id":"https:\/\/lagea.ch\/en\/wenn-das-zuhause-zu-gross-wird-neue-chancen-fuer-die-generation-60\/#primaryimage","url":"https:\/\/lagea.ch\/wp-content\/uploads\/sites\/44\/2026\/08\/wohnen-im-alter-generation-60plus.webp","contentUrl":"https:\/\/lagea.ch\/wp-content\/uploads\/sites\/44\/2026\/08\/wohnen-im-alter-generation-60plus.webp","width":1536,"height":1024,"caption":"Wohnen im Alter \u2013 neue Chancen f\u00fcr die Generation 60+"},{"@type":"BreadcrumbList","@id":"https:\/\/lagea.ch\/en\/wenn-das-zuhause-zu-gross-wird-neue-chancen-fuer-die-generation-60\/#breadcrumb","itemListElement":[{"@type":"ListItem","position":1,"name":"Start","item":"https:\/\/lagea.ch\/en\/"},{"@type":"ListItem","position":2,"name":"Wenn das Zuhause zu gross wird \u2013 neue Chancen f\u00fcr die Generation 60+"}]},{"@type":"WebSite","@id":"https:\/\/lagea.ch\/en\/#website","url":"https:\/\/lagea.ch\/en\/","name":"LAGE A AG","description":"","publisher":{"@id":"https:\/\/lagea.ch\/en\/#organization"},"potentialAction":[{"@type":"SearchAction","target":{"@type":"EntryPoint","urlTemplate":"https:\/\/lagea.ch\/en\/?s={search_term_string}"},"query-input":{"@type":"PropertyValueSpecification","valueRequired":true,"valueName":"search_term_string"}}],"inLanguage":"en-US"},{"@type":["Organization","RealEstateAgent","LocalBusiness"],"@id":"https:\/\/lagea.ch\/en\/#organization","name":"LAGE A AG","url":"https:\/\/lagea.ch\/en\/","logo":{"@type":"ImageObject","inLanguage":"en-US","@id":"https:\/\/lagea.ch\/en\/#\/schema\/logo\/image\/","url":"https:\/\/lagea.ch\/wp-content\/uploads\/sites\/44\/2026\/08\/lage-a-immobilien-logo.svg","contentUrl":"https:\/\/lagea.ch\/wp-content\/uploads\/sites\/44\/2026\/08\/lage-a-immobilien-logo.svg","caption":"LAGE A AG"},"image":{"@id":"https:\/\/lagea.ch\/en\/#\/schema\/logo\/image\/"},"sameAs":["https:\/\/www.instagram.com\/lage_a_ag","https:\/\/www.youtube.com\/@LageAImmobilien","https:\/\/www.linkedin.com\/company\/lagea-ag\/"],"address":{"@type":"PostalAddress","streetAddress":"Neugasse 18","postalCode":"6300","addressLocality":"Zug","addressCountry":"CH"},"telephone":"+41 41 727 62 62","email":"info@lagea.ch","priceRange":"$$$","areaServed":[{"@type":"AdministrativeArea","name":"Kanton Zug"},{"@type":"AdministrativeArea","name":"Kanton Schwyz"},{"@type":"AdministrativeArea","name":"Kanton Nidwalden"},{"@type":"AdministrativeArea","name":"Kanton Obwalden"}],"knowsLanguage":["de-CH","en"]},{"@type":"Person","@id":"https:\/\/lagea.ch\/en\/#\/schema\/person\/d72866c1fa1f857407c893c271740ef8","name":"cwonyx","sameAs":["https:\/\/onyx.casasoft.ch"]}]}},"_links":{"self":[{"href":"https:\/\/lagea.ch\/en\/wp-json\/wp\/v2\/posts\/847","targetHints":{"allow":["GET"]}}],"collection":[{"href":"https:\/\/lagea.ch\/en\/wp-json\/wp\/v2\/posts"}],"about":[{"href":"https:\/\/lagea.ch\/en\/wp-json\/wp\/v2\/types\/post"}],"author":[{"embeddable":true,"href":"https:\/\/lagea.ch\/en\/wp-json\/wp\/v2\/users\/1"}],"replies":[{"embeddable":true,"href":"https:\/\/lagea.ch\/en\/wp-json\/wp\/v2\/comments?post=847"}],"version-history":[{"count":1,"href":"https:\/\/lagea.ch\/en\/wp-json\/wp\/v2\/posts\/847\/revisions"}],"predecessor-version":[{"id":848,"href":"https:\/\/lagea.ch\/en\/wp-json\/wp\/v2\/posts\/847\/revisions\/848"}],"wp:featuredmedia":[{"embeddable":true,"href":"https:\/\/lagea.ch\/en\/wp-json\/wp\/v2\/media\/871"}],"wp:attachment":[{"href":"https:\/\/lagea.ch\/en\/wp-json\/wp\/v2\/media?parent=847"}],"wp:term":[{"taxonomy":"category","embeddable":true,"href":"https:\/\/lagea.ch\/en\/wp-json\/wp\/v2\/categories?post=847"},{"taxonomy":"post_tag","embeddable":true,"href":"https:\/\/lagea.ch\/en\/wp-json\/wp\/v2\/tags?post=847"}],"curies":[{"name":"wp","href":"https:\/\/api.w.org\/{rel}","templated":true}]}}